{"id":8280,"date":"2024-04-05T22:28:56","date_gmt":"2024-04-06T05:28:56","guid":{"rendered":"https:\/\/www.regioncuatronoticias.com\/?p=8280"},"modified":"2024-04-05T22:28:57","modified_gmt":"2024-04-06T05:28:57","slug":"amlo-ordena-la-suspension-de-las-relaciones-diplomaticas-con-ecuador-tras-la-irrupcion-en-la-embajada-en-quito","status":"publish","type":"post","link":"https:\/\/www.regioncuatronoticias.com\/index.php\/2024\/04\/05\/amlo-ordena-la-suspension-de-las-relaciones-diplomaticas-con-ecuador-tras-la-irrupcion-en-la-embajada-en-quito\/","title":{"rendered":"AMLO ordena la suspensi\u00f3n de las relaciones diplom\u00e1ticas con Ecuador tras la irrupci\u00f3n en la embajada en Quito"},"content":{"rendered":"\n<p>Con informaci\u00f3n de Latinus<\/p>\n\n\n\n<p>Abril 5 de 2024<\/p>\n\n\n\n<p>AMLO ordena la suspensi\u00f3n de las relaciones diplom\u00e1ticas con Ecuador tras la irrupci\u00f3n de la sede diplom\u00e1tica en Quito<\/p>\n\n\n\n<p>El presidente Andr\u00e9s Manuel L\u00f3pez Obrador orden\u00f3 esta noche la suspensi\u00f3n de las relaciones diplom\u00e1ticas con el gobierno de Daniel Noboa tras la irrupci\u00f3n de elementos de la polic\u00eda ecuatoriana en la embajada de M\u00e9xico en Quito para detener al exvicepresidente Jorge Glas.<\/p>\n\n\n\n<p>En su cuenta de X, el titular del Ejecutivo federal dijo que el ingreso a la sede diplom\u00e1tica \u201cse trata de una violaci\u00f3n flagrante al derecho internacional y a la soberan\u00eda de M\u00e9xico\u201c, la cual calific\u00f3 como un \u201checho autoritario\u201d, ya que el exfuncionario de Ecuador \u201cse encontraba refugiado y tramitando asilo por la persecuci\u00f3n y por el acoso que enfrenta\u201d.<\/p>\n\n\n\n<p>Minutos antes, se dio a conocer que un grupo de polic\u00edas de Ecuador hab\u00eda ingresado a la fuerza en la embajada de M\u00e9xico en Quito, en donde se encontraba Jorge Glas, en medio de tensiones diplom\u00e1ticas entre ambos pa\u00edses.<\/p>\n\n\n\n<p>Los polic\u00edas, que llegaron en veh\u00edculos negros, rompieron las puertas externas de la sede diplom\u00e1tica mexicana en el norte de la capital ecuatoriana y accedieron a los patios.<\/p>\n\n\n\n<p>Cabe recordar que este mismo d\u00eda, el gobierno de Ecuador rechaz\u00f3 la concesi\u00f3n de asilo al exvicepresidente de Rafael Correa (2007-2017)&nbsp; \u2014anunciada esta ma\u00f1ana por el presidente L\u00f3pez Obrador\u2014, al sostener que \u00e9l ha sido condenado por corrupci\u00f3n y porque no lo considera un perseguido pol\u00edtico.<\/p>\n\n\n\n<p>La Canciller\u00eda ecuatoriana, ya hab\u00eda rechazado el asilo en diciembre pasado, cuando Glas solicit\u00f3 ese beneficio tras refugiarse en la embajada de M\u00e9xico en Quito, apel\u00f3 a convenciones internacionales para reiterar que el exvicepresidente ha sido condenado por delitos comunes y que, por ello, deber\u00eda someterse a la justicia ordinaria de su pa\u00eds.<\/p>\n\n\n\n<p>Con informaci\u00f3n de EFE y Reuters.<\/p>\n\n\n\n<figure class=\"wp-block-embed is-type-wp-embed is-provider-latin-us wp-block-embed-latin-us\"><div class=\"wp-block-embed__wrapper\">\n<blockquote class=\"wp-embedded-content\" data-secret=\"NMd4Eldjmr\"><a href=\"https:\/\/latinus.us\/2024\/04\/05\/amlo-ordena-la-suspension-de-las-relaciones-diplomaticas-con-ecuador-tras-la-irrupcion-en-la-embajada-en-quito\/\">AMLO ordena la suspensi\u00f3n de las relaciones diplom\u00e1ticas con Ecuador tras la irrupci\u00f3n en la embajada en Quito<\/a><\/blockquote><iframe loading=\"lazy\" class=\"wp-embedded-content\" sandbox=\"allow-scripts\" security=\"restricted\" style=\"position: absolute; clip: rect(1px, 1px, 1px, 1px);\" title=\"&#8220;AMLO ordena la suspensi\u00f3n de las relaciones diplom\u00e1ticas con Ecuador tras la irrupci\u00f3n en la embajada en Quito&#8221; &#8212; Latin US\" src=\"https:\/\/latinus.us\/2024\/04\/05\/amlo-ordena-la-suspension-de-las-relaciones-diplomaticas-con-ecuador-tras-la-irrupcion-en-la-embajada-en-quito\/embed\/#?secret=7QiEdl3Og6#?secret=NMd4Eldjmr\" data-secret=\"NMd4Eldjmr\" width=\"600\" height=\"338\" frameborder=\"0\" marginwidth=\"0\" marginheight=\"0\" scrolling=\"no\"><\/iframe>\n<\/div><\/figure>\n","protected":false},"excerpt":{"rendered":"<p>Con informaci\u00f3n de Latinus Abril 5 de 2024 AMLO ordena la suspensi\u00f3n de las relaciones diplom\u00e1ticas con Ecuador tras la irrupci\u00f3n de la sede diplom\u00e1tica en Quito El presidente Andr\u00e9s Manuel L\u00f3pez Obrador orden\u00f3 esta noche la suspensi\u00f3n de las relaciones diplom\u00e1ticas con el gobierno de Daniel Noboa tras la irrupci\u00f3n de elementos de la [&hellip;]<\/p>\n","protected":false},"author":1,"featured_media":8281,"comment_status":"open","ping_status":"open","sticky":false,"template":"","format":"standard","meta":{"content-type":"","footnotes":""},"categories":[7,105],"tags":[],"class_list":{"0":"post-8280","1":"post","2":"type-post","3":"status-publish","4":"format-standard","5":"has-post-thumbnail","7":"category-internacional","8":"category-principal"},"_links":{"self":[{"href":"https:\/\/www.regioncuatronoticias.com\/index.php\/wp-json\/wp\/v2\/posts\/8280","targetHints":{"allow":["GET"]}}],"collection":[{"href":"https:\/\/www.regioncuatronoticias.com\/index.php\/wp-json\/wp\/v2\/posts"}],"about":[{"href":"https:\/\/www.regioncuatronoticias.com\/index.php\/wp-json\/wp\/v2\/types\/post"}],"author":[{"embeddable":true,"href":"https:\/\/www.regioncuatronoticias.com\/index.php\/wp-json\/wp\/v2\/users\/1"}],"replies":[{"embeddable":true,"href":"https:\/\/www.regioncuatronoticias.com\/index.php\/wp-json\/wp\/v2\/comments?post=8280"}],"version-history":[{"count":1,"href":"https:\/\/www.regioncuatronoticias.com\/index.php\/wp-json\/wp\/v2\/posts\/8280\/revisions"}],"predecessor-version":[{"id":8282,"href":"https:\/\/www.regioncuatronoticias.com\/index.php\/wp-json\/wp\/v2\/posts\/8280\/revisions\/8282"}],"wp:featuredmedia":[{"embeddable":true,"href":"https:\/\/www.regioncuatronoticias.com\/index.php\/wp-json\/wp\/v2\/media\/8281"}],"wp:attachment":[{"href":"https:\/\/www.regioncuatronoticias.com\/index.php\/wp-json\/wp\/v2\/media?parent=8280"}],"wp:term":[{"taxonomy":"category","embeddable":true,"href":"https:\/\/www.regioncuatronoticias.com\/index.php\/wp-json\/wp\/v2\/categories?post=8280"},{"taxonomy":"post_tag","embeddable":true,"href":"https:\/\/www.regioncuatronoticias.com\/index.php\/wp-json\/wp\/v2\/tags?post=8280"}],"curies":[{"name":"wp","href":"https:\/\/api.w.org\/{rel}","templated":true}]}}