{"id":8234,"date":"2024-04-05T11:30:22","date_gmt":"2024-04-05T18:30:22","guid":{"rendered":"https:\/\/www.regioncuatronoticias.com\/?p=8234"},"modified":"2024-04-05T11:30:24","modified_gmt":"2024-04-05T18:30:24","slug":"sistematico-el-ataque-de-israel-a-trabajadores-humanitarios","status":"publish","type":"post","link":"https:\/\/www.regioncuatronoticias.com\/index.php\/2024\/04\/05\/sistematico-el-ataque-de-israel-a-trabajadores-humanitarios\/","title":{"rendered":"&#8220;Sistem\u00e1tico&#8221;, el ataque de Israel a trabajadores humanitarios"},"content":{"rendered":"\n<p>Washington. El fundador de World Central Kitchen (WCK), Jos\u00e9 Andr\u00e9s, acus\u00f3 ayer a Israel de atacar a sus trabajadores humanitarios sistem\u00e1ticamente, coche por coche hasta que el fuego los alcanz\u00f3 el lunes pasado, y demand\u00f3 una investigaci\u00f3n independiente de la matanza perpetrada por las fuerzas israel\u00edes.<\/p>\n\n\n\n<p>En un video, Jos\u00e9 Andr\u00e9s afirm\u00f3 que WCK, manten\u00eda una clara comunicaci\u00f3n con el ej\u00e9rcito israel\u00ed, que conoc\u00eda los movimientos de su personal. No se trat\u00f3 de una \u201csituaci\u00f3n de mala suerte en la que, \u2018ups\u2019, lanzamos la bomba en el lugar equivocado\u201d, expuso el chef.<\/p>\n\n\n\n<p>Esto fue en un tramo de 1.5, a 1.8 kil\u00f3metros, con un convoy humanitario muy definido que ten\u00eda carteles en la parte superior, en el techo, un logotipo muy colorido, a\u00f1adi\u00f3.<\/p>\n\n\n\n<p>Jos\u00e9 Andr\u00e9s coment\u00f3 que las fuerzas de defensa de Israel (FDI) estaban al tanto de la ubicaci\u00f3n de sus veh\u00edculos, y pidi\u00f3 una investigaci\u00f3n de la matanza por parte del gobierno estadunidense y del pa\u00eds de origen de cada uno de los cooperantes asesinados.<\/p>\n\n\n\n<p>Nos estaban atacando en una zona de no conflictiva, controlada por las FDI. Sab\u00edan que eran nuestros equipos los que circulaban por esa carretera (\u2026) con tres coches.<\/p>\n\n\n\n<p>Cont\u00f3 que las FDI atacaron el primer veh\u00edculo blindado, el equipo pudo escapar y trasladarse a un segundo veh\u00edculo que fue atacado a continuaci\u00f3n, lo que les oblig\u00f3 a trasladarse al tercer veh\u00edculo. Los cooperantes intentaron comunicarse para dejar claro qui\u00e9nes eran, dijo, y a\u00f1adi\u00f3 que las FDI sab\u00edan que estaban en la zona que controlaban. Entonces, atacaron el tercer coche, y vimos las consecuencias.<\/p>\n\n\n\n<p>M\u00e9dicos sin Fronteras rechaz\u00f3 la declaraci\u00f3n israel\u00ed de que el bombardeo fue un lamentable incidente, y asegur\u00f3 que es parte del mismo patr\u00f3n de ataques deliberados contra trabajadores humanitarios, sanitarios, periodistas, personal de la Organizaci\u00f3n de Naciones Unidas, escuelas y hogares .<\/p>\n\n\n\n<p>Open Arms, que flet\u00f3 la primera embarcaci\u00f3n humanitaria que lleg\u00f3 a Gaza usando el corredor mar\u00edtimo desde Chipre junto a WCK, suspendi\u00f3 sus operaciones en Gaza.<\/p>\n","protected":false},"excerpt":{"rendered":"<p>Washington. El fundador de World Central Kitchen (WCK), Jos\u00e9 Andr\u00e9s, acus\u00f3 ayer a Israel de atacar a sus trabajadores humanitarios sistem\u00e1ticamente, coche por coche hasta que el fuego los alcanz\u00f3 el lunes pasado, y demand\u00f3 una investigaci\u00f3n independiente de la matanza perpetrada por las fuerzas israel\u00edes. En un video, Jos\u00e9 Andr\u00e9s afirm\u00f3 que WCK, manten\u00eda [&hellip;]<\/p>\n","protected":false},"author":1,"featured_media":8235,"comment_status":"open","ping_status":"open","sticky":false,"template":"","format":"standard","meta":{"content-type":"","footnotes":""},"categories":[7],"tags":[],"class_list":{"0":"post-8234","1":"post","2":"type-post","3":"status-publish","4":"format-standard","5":"has-post-thumbnail","7":"category-internacional"},"_links":{"self":[{"href":"https:\/\/www.regioncuatronoticias.com\/index.php\/wp-json\/wp\/v2\/posts\/8234","targetHints":{"allow":["GET"]}}],"collection":[{"href":"https:\/\/www.regioncuatronoticias.com\/index.php\/wp-json\/wp\/v2\/posts"}],"about":[{"href":"https:\/\/www.regioncuatronoticias.com\/index.php\/wp-json\/wp\/v2\/types\/post"}],"author":[{"embeddable":true,"href":"https:\/\/www.regioncuatronoticias.com\/index.php\/wp-json\/wp\/v2\/users\/1"}],"replies":[{"embeddable":true,"href":"https:\/\/www.regioncuatronoticias.com\/index.php\/wp-json\/wp\/v2\/comments?post=8234"}],"version-history":[{"count":1,"href":"https:\/\/www.regioncuatronoticias.com\/index.php\/wp-json\/wp\/v2\/posts\/8234\/revisions"}],"predecessor-version":[{"id":8236,"href":"https:\/\/www.regioncuatronoticias.com\/index.php\/wp-json\/wp\/v2\/posts\/8234\/revisions\/8236"}],"wp:featuredmedia":[{"embeddable":true,"href":"https:\/\/www.regioncuatronoticias.com\/index.php\/wp-json\/wp\/v2\/media\/8235"}],"wp:attachment":[{"href":"https:\/\/www.regioncuatronoticias.com\/index.php\/wp-json\/wp\/v2\/media?parent=8234"}],"wp:term":[{"taxonomy":"category","embeddable":true,"href":"https:\/\/www.regioncuatronoticias.com\/index.php\/wp-json\/wp\/v2\/categories?post=8234"},{"taxonomy":"post_tag","embeddable":true,"href":"https:\/\/www.regioncuatronoticias.com\/index.php\/wp-json\/wp\/v2\/tags?post=8234"}],"curies":[{"name":"wp","href":"https:\/\/api.w.org\/{rel}","templated":true}]}}