{"id":8222,"date":"2024-04-05T11:26:17","date_gmt":"2024-04-05T18:26:17","guid":{"rendered":"https:\/\/www.regioncuatronoticias.com\/?p=8222"},"modified":"2024-04-05T11:26:19","modified_gmt":"2024-04-05T18:26:19","slug":"venezuela-y-cuba-tienen-en-contra-a-toda-la-derecha-del-mundo-amlo","status":"publish","type":"post","link":"https:\/\/www.regioncuatronoticias.com\/index.php\/2024\/04\/05\/venezuela-y-cuba-tienen-en-contra-a-toda-la-derecha-del-mundo-amlo\/","title":{"rendered":"Venezuela y Cuba tienen en contra a toda la derecha del mundo: AMLO"},"content":{"rendered":"\n<p>Ciudad de M\u00e9xico. \u201cContra Venezuela toda la derecha, toda, del mundo; como contra Cuba\u201d, se\u00f1al\u00f3 el presidente Andr\u00e9s Manuel L\u00f3pez Obrador, a la par que llam\u00f3 que ante el pr\u00f3ximo proceso electoral en la naci\u00f3n sudamericana no haya injerencias y se permita al pueblo venezolano elegir en libertad.<\/p>\n\n\n\n<p>A pregunta en la ma\u00f1anera sobre el que se haya adelantado la elecci\u00f3n en Venezuela \u2014donde se ha postulado el presidente Nicol\u00e1s Maduro para un nuevo periodo\u2014, el jefe del Ejecutivo mexicano coment\u00f3 que prefiere no opinar \u201cporque es darle m\u00e1s elementos a los conservadores\u201d.<\/p>\n\n\n\n<p>Y agreg\u00f3: \u201cOjal\u00e1 y haya democracia y se celebren en paz las elecciones, y ya que dejen al pueblo venezolano en libertad para que elijan\u201d.<\/p>\n\n\n\n<p>El tabasque\u00f1o alert\u00f3 que existe toda una pol\u00e9mica en torno a Venezuela y el pr\u00f3ximo proceso electoral.<\/p>\n\n\n\n<p>\u201cNosotros padecimos la guerra sucia, dec\u00edan que nos \u00edbamos a volver Venezuela, \u00bfya se les olvid\u00f3? En ese mismo tiempo vino (Jos\u00e9 Mar\u00eda) Aznar (ex jefe del gobierno espa\u00f1ol), a hablar mal de m\u00ed y no hubo ninguna sanci\u00f3n. As\u00ed que ya los conocemos.<\/p>\n\n\n\n<p>L\u00f3pez Obrador cerr\u00f3: \u201cContra Venezuela toda la derecha del mundo, como contra Cuba, hay hasta un bloqueo violatorio de derechos humanos contra Cuba, \u00bfy a ver qu\u00e9 cosa hay?\u201d<\/p>\n","protected":false},"excerpt":{"rendered":"<p>Ciudad de M\u00e9xico. \u201cContra Venezuela toda la derecha, toda, del mundo; como contra Cuba\u201d, se\u00f1al\u00f3 el presidente Andr\u00e9s Manuel L\u00f3pez Obrador, a la par que llam\u00f3 que ante el pr\u00f3ximo proceso electoral en la naci\u00f3n sudamericana no haya injerencias y se permita al pueblo venezolano elegir en libertad. A pregunta en la ma\u00f1anera sobre el [&hellip;]<\/p>\n","protected":false},"author":1,"featured_media":8223,"comment_status":"open","ping_status":"open","sticky":false,"template":"","format":"standard","meta":{"content-type":"","footnotes":""},"categories":[3],"tags":[],"class_list":{"0":"post-8222","1":"post","2":"type-post","3":"status-publish","4":"format-standard","5":"has-post-thumbnail","7":"category-mexico"},"_links":{"self":[{"href":"https:\/\/www.regioncuatronoticias.com\/index.php\/wp-json\/wp\/v2\/posts\/8222","targetHints":{"allow":["GET"]}}],"collection":[{"href":"https:\/\/www.regioncuatronoticias.com\/index.php\/wp-json\/wp\/v2\/posts"}],"about":[{"href":"https:\/\/www.regioncuatronoticias.com\/index.php\/wp-json\/wp\/v2\/types\/post"}],"author":[{"embeddable":true,"href":"https:\/\/www.regioncuatronoticias.com\/index.php\/wp-json\/wp\/v2\/users\/1"}],"replies":[{"embeddable":true,"href":"https:\/\/www.regioncuatronoticias.com\/index.php\/wp-json\/wp\/v2\/comments?post=8222"}],"version-history":[{"count":1,"href":"https:\/\/www.regioncuatronoticias.com\/index.php\/wp-json\/wp\/v2\/posts\/8222\/revisions"}],"predecessor-version":[{"id":8224,"href":"https:\/\/www.regioncuatronoticias.com\/index.php\/wp-json\/wp\/v2\/posts\/8222\/revisions\/8224"}],"wp:featuredmedia":[{"embeddable":true,"href":"https:\/\/www.regioncuatronoticias.com\/index.php\/wp-json\/wp\/v2\/media\/8223"}],"wp:attachment":[{"href":"https:\/\/www.regioncuatronoticias.com\/index.php\/wp-json\/wp\/v2\/media?parent=8222"}],"wp:term":[{"taxonomy":"category","embeddable":true,"href":"https:\/\/www.regioncuatronoticias.com\/index.php\/wp-json\/wp\/v2\/categories?post=8222"},{"taxonomy":"post_tag","embeddable":true,"href":"https:\/\/www.regioncuatronoticias.com\/index.php\/wp-json\/wp\/v2\/tags?post=8222"}],"curies":[{"name":"wp","href":"https:\/\/api.w.org\/{rel}","templated":true}]}}