{"id":8219,"date":"2024-04-05T11:24:54","date_gmt":"2024-04-05T18:24:54","guid":{"rendered":"https:\/\/www.regioncuatronoticias.com\/?p=8219"},"modified":"2024-04-05T11:24:56","modified_gmt":"2024-04-05T18:24:56","slug":"israel-continua-procesando-solicitud-de-extradicion-contra-zeron-embajadora","status":"publish","type":"post","link":"https:\/\/www.regioncuatronoticias.com\/index.php\/2024\/04\/05\/israel-continua-procesando-solicitud-de-extradicion-contra-zeron-embajadora\/","title":{"rendered":"Israel contin\u00faa procesando solicitud de extradici\u00f3n contra Zer\u00f3n: embajadora"},"content":{"rendered":"\n<p>Ciudad de M\u00e9xico. Luego de que M\u00e9xico acus\u00f3 al Estado de Israel de estar dando un \u201camparo de facto\u201d al ex titular de la Agencia de Investigaci\u00f3n Criminal, Tom\u00e1s Zer\u00f3n, la embajadora israel\u00ed, Einat Kranz explic\u00f3 este viernes que las autoridades de su pa\u00eds contin\u00faan procesando la solicitud de extradici\u00f3n presentada por la justicia mexicana contra el ex funcionario.<\/p>\n\n\n\n<p>En una conferencia de prensa donde actualiz\u00f3 informaci\u00f3n referente a la guerra contra Hamas, Kranz se\u00f1al\u00f3 que los equipos legales de Israel en M\u00e9xico est\u00e1n en constante comunicaci\u00f3n y cooperaci\u00f3n.<\/p>\n\n\n\n<p>\u201cEl tema de Tom\u00e1s Zer\u00f3n est\u00e1 todav\u00eda en proceso, los equipos jur\u00eddicos est\u00e1n trabajando\u201d, dijo la diplom\u00e1tica ante preguntas sobre el tema, y asegur\u00f3 que todas las cartas y solicitudes del gobierno mexicano sobre el caso han sido respondidas por el gobierno de Israel.<\/p>\n\n\n\n<p>A\u00f1adi\u00f3 que pese a la posici\u00f3n expresada por M\u00e9xico respecto a la guerra y a lo expresado este recientemente por el presidente Andr\u00e9s Manuel L\u00f3pez Obrador y la Secretar\u00eda de Relaciones Exteriores en torno a que las autoridades israel\u00edes estar\u00edan protegiendo a Zer\u00f3n, dado que han sido infructuosas las gestiones para extraditarlo para que responda a las acusaciones en su contra por torutra y violaciones a los derechos humanos referentes al caso Ayotzinapa, las relaciones entre ambos pa\u00edses son fuertes y estables.<\/p>\n\n\n\n<p>\u201cLas relaciones entre M\u00e9xico e Israel tienen m\u00e1s de 70 a\u00f1os de amistad y cooperaci\u00f3n en muchos \u00e1mbitos. Estamos constantemente en di\u00e1logo con la SRE. Las relaciones son estables y buenas, obviamente no siempre pensamos lo mismo, no siempre estamos de acuerdo, pero las relaciones son estables y fuertes\u201d, se\u00f1al\u00f3.<\/p>\n\n\n\n<p>A\u00f1adi\u00f3 que Israel concede mucha importancia a llevar a los criminales a la justicia internacional.<\/p>\n","protected":false},"excerpt":{"rendered":"<p>Ciudad de M\u00e9xico. Luego de que M\u00e9xico acus\u00f3 al Estado de Israel de estar dando un \u201camparo de facto\u201d al ex titular de la Agencia de Investigaci\u00f3n Criminal, Tom\u00e1s Zer\u00f3n, la embajadora israel\u00ed, Einat Kranz explic\u00f3 este viernes que las autoridades de su pa\u00eds contin\u00faan procesando la solicitud de extradici\u00f3n presentada por la justicia mexicana [&hellip;]<\/p>\n","protected":false},"author":1,"featured_media":8220,"comment_status":"open","ping_status":"open","sticky":false,"template":"","format":"standard","meta":{"content-type":"","footnotes":""},"categories":[7],"tags":[],"class_list":{"0":"post-8219","1":"post","2":"type-post","3":"status-publish","4":"format-standard","5":"has-post-thumbnail","7":"category-internacional"},"_links":{"self":[{"href":"https:\/\/www.regioncuatronoticias.com\/index.php\/wp-json\/wp\/v2\/posts\/8219","targetHints":{"allow":["GET"]}}],"collection":[{"href":"https:\/\/www.regioncuatronoticias.com\/index.php\/wp-json\/wp\/v2\/posts"}],"about":[{"href":"https:\/\/www.regioncuatronoticias.com\/index.php\/wp-json\/wp\/v2\/types\/post"}],"author":[{"embeddable":true,"href":"https:\/\/www.regioncuatronoticias.com\/index.php\/wp-json\/wp\/v2\/users\/1"}],"replies":[{"embeddable":true,"href":"https:\/\/www.regioncuatronoticias.com\/index.php\/wp-json\/wp\/v2\/comments?post=8219"}],"version-history":[{"count":1,"href":"https:\/\/www.regioncuatronoticias.com\/index.php\/wp-json\/wp\/v2\/posts\/8219\/revisions"}],"predecessor-version":[{"id":8221,"href":"https:\/\/www.regioncuatronoticias.com\/index.php\/wp-json\/wp\/v2\/posts\/8219\/revisions\/8221"}],"wp:featuredmedia":[{"embeddable":true,"href":"https:\/\/www.regioncuatronoticias.com\/index.php\/wp-json\/wp\/v2\/media\/8220"}],"wp:attachment":[{"href":"https:\/\/www.regioncuatronoticias.com\/index.php\/wp-json\/wp\/v2\/media?parent=8219"}],"wp:term":[{"taxonomy":"category","embeddable":true,"href":"https:\/\/www.regioncuatronoticias.com\/index.php\/wp-json\/wp\/v2\/categories?post=8219"},{"taxonomy":"post_tag","embeddable":true,"href":"https:\/\/www.regioncuatronoticias.com\/index.php\/wp-json\/wp\/v2\/tags?post=8219"}],"curies":[{"name":"wp","href":"https:\/\/api.w.org\/{rel}","templated":true}]}}