{"id":8216,"date":"2024-04-05T11:23:52","date_gmt":"2024-04-05T18:23:52","guid":{"rendered":"https:\/\/www.regioncuatronoticias.com\/?p=8216"},"modified":"2024-04-05T11:23:54","modified_gmt":"2024-04-05T18:23:54","slug":"concede-mexico-asilo-politico-a-ex-presidente-ecuatoriano-y-solicita-salvoconducto","status":"publish","type":"post","link":"https:\/\/www.regioncuatronoticias.com\/index.php\/2024\/04\/05\/concede-mexico-asilo-politico-a-ex-presidente-ecuatoriano-y-solicita-salvoconducto\/","title":{"rendered":"Concede M\u00e9xico asilo pol\u00edtico a ex presidente ecuatoriano y solicita salvoconducto"},"content":{"rendered":"\n<p><em>Ciudad de M\u00e9xico.<\/em>&nbsp;Luego de que ayer la embajadora en Quito, Raquel Serur Smeke, fue declarada \u201cpersona non-grata\u201d por el gobierno de Ecuador, la Secretar\u00eda de Relaciones Exteriores (SRE) consider\u00f3 este viernes que se trata de una decisi\u00f3n \u201cdesproporcionada\u201d e instruy\u00f3 a la diplom\u00e1tica a regrese a territorio nacional con el fin de resguardar su seguridad e integridad.<\/p>\n\n\n\n<p>La SRE agreg\u00f3 en un comunicado que luego de un an\u00e1lisis exhaustivo de la informaci\u00f3n recibida, el gobierno de M\u00e9xico ha decidido otorgar asilo pol\u00edtico al ex presidente ecuatoriano Jorge David Glas Espinel, quien se encuentra en la Embajada de M\u00e9xico en Quito desde diciembre, lo cual ser\u00e1 comunicado oficialmente a las autoridades ecuatorianas junto con la solicitud de que concedan el salvoconducto respectivo, de conformidad con la Convenci\u00f3n de Asilo.<\/p>\n\n\n\n<p>M\u00e9xico exigi\u00f3 a Ecuador \u201crespetar nuestra soberan\u00eda, a no lesionar el Derecho de Asilo y a cumplir con sus obligaciones internacionales, garantizar la inviolabilidad de las misiones diplom\u00e1ticas y cesar la pol\u00edtica de hostigamiento y amedrentamiento. De mantenerse esta situaci\u00f3n, M\u00e9xico responsabiliza a Ecuador de cualquier afectaci\u00f3n a la sede diplom\u00e1tica, a su personal acreditado y a toda persona que se encuentre bajo la protecci\u00f3n del Estado mexicano en ese pa\u00eds\u201d.<\/p>\n\n\n\n<p>Asimismo, el gobierno Mexicano expres\u00f3 su rechazo al incremento de la presencia de fuerzas policiales ecuatorianas afuera de la Embajada de M\u00e9xico en Quito, la cual, seg\u00fan declaraciones de autoridades del Ecuador, es una medida de rechazo e inconformidad por declaraciones de autoridades mexicanas.<\/p>\n\n\n\n<p>\u201cEsto constituye un claro hostigamiento a su Embajada y una flagrante violaci\u00f3n a la Convenci\u00f3n de Viena sobre Relaciones Diplom\u00e1ticas. Es evidente que estas acciones no corresponden a las pr\u00e1cticas habituales de vigilancia y protecci\u00f3n de los inmuebles diplom\u00e1ticos, basadas en las normas que regulan la buena convivencia entre las naciones\u201d.<\/p>\n\n\n\n<p>La SRE inform\u00f3 que la Embajada de M\u00e9xico en Ecuador quedar\u00e1 a cargo del ministro Roberto Canseco, actual jefe de Canciller\u00eda de la misi\u00f3n, y continuar\u00e1 operando con normalidad tras este movimiento para atender las necesidades de la comunidad mexicana que radica en ese pa\u00eds.<\/p>\n\n\n\n<p>\u201cM\u00e9xico lamenta esta decisi\u00f3n diplom\u00e1tica que considera desproporcionada\u201d, se\u00f1al\u00f3 la Canciller\u00eda en un comunicado en el que defendi\u00f3 la actuaci\u00f3n de la embajadora Serur.<\/p>\n","protected":false},"excerpt":{"rendered":"<p>Ciudad de M\u00e9xico.&nbsp;Luego de que ayer la embajadora en Quito, Raquel Serur Smeke, fue declarada \u201cpersona non-grata\u201d por el gobierno de Ecuador, la Secretar\u00eda de Relaciones Exteriores (SRE) consider\u00f3 este viernes que se trata de una decisi\u00f3n \u201cdesproporcionada\u201d e instruy\u00f3 a la diplom\u00e1tica a regrese a territorio nacional con el fin de resguardar su seguridad [&hellip;]<\/p>\n","protected":false},"author":1,"featured_media":8217,"comment_status":"open","ping_status":"open","sticky":false,"template":"","format":"standard","meta":{"content-type":"","footnotes":""},"categories":[7,105],"tags":[],"class_list":{"0":"post-8216","1":"post","2":"type-post","3":"status-publish","4":"format-standard","5":"has-post-thumbnail","7":"category-internacional","8":"category-principal"},"_links":{"self":[{"href":"https:\/\/www.regioncuatronoticias.com\/index.php\/wp-json\/wp\/v2\/posts\/8216","targetHints":{"allow":["GET"]}}],"collection":[{"href":"https:\/\/www.regioncuatronoticias.com\/index.php\/wp-json\/wp\/v2\/posts"}],"about":[{"href":"https:\/\/www.regioncuatronoticias.com\/index.php\/wp-json\/wp\/v2\/types\/post"}],"author":[{"embeddable":true,"href":"https:\/\/www.regioncuatronoticias.com\/index.php\/wp-json\/wp\/v2\/users\/1"}],"replies":[{"embeddable":true,"href":"https:\/\/www.regioncuatronoticias.com\/index.php\/wp-json\/wp\/v2\/comments?post=8216"}],"version-history":[{"count":1,"href":"https:\/\/www.regioncuatronoticias.com\/index.php\/wp-json\/wp\/v2\/posts\/8216\/revisions"}],"predecessor-version":[{"id":8218,"href":"https:\/\/www.regioncuatronoticias.com\/index.php\/wp-json\/wp\/v2\/posts\/8216\/revisions\/8218"}],"wp:featuredmedia":[{"embeddable":true,"href":"https:\/\/www.regioncuatronoticias.com\/index.php\/wp-json\/wp\/v2\/media\/8217"}],"wp:attachment":[{"href":"https:\/\/www.regioncuatronoticias.com\/index.php\/wp-json\/wp\/v2\/media?parent=8216"}],"wp:term":[{"taxonomy":"category","embeddable":true,"href":"https:\/\/www.regioncuatronoticias.com\/index.php\/wp-json\/wp\/v2\/categories?post=8216"},{"taxonomy":"post_tag","embeddable":true,"href":"https:\/\/www.regioncuatronoticias.com\/index.php\/wp-json\/wp\/v2\/tags?post=8216"}],"curies":[{"name":"wp","href":"https:\/\/api.w.org\/{rel}","templated":true}]}}