{"id":8201,"date":"2024-04-05T09:32:41","date_gmt":"2024-04-05T16:32:41","guid":{"rendered":"https:\/\/www.regioncuatronoticias.com\/?p=8201"},"modified":"2024-04-05T09:32:45","modified_gmt":"2024-04-05T16:32:45","slug":"caso-zeron-podria-ser-factor-disruptivo-en-relacion-mexico-israel","status":"publish","type":"post","link":"https:\/\/www.regioncuatronoticias.com\/index.php\/2024\/04\/05\/caso-zeron-podria-ser-factor-disruptivo-en-relacion-mexico-israel\/","title":{"rendered":"Caso Zer\u00f3n podr\u00eda ser \u201cfactor disruptivo\u201d en relaci\u00f3n M\u00e9xico-Israel"},"content":{"rendered":"\n<p>Ciudad de M\u00e9xico. Para el gobierno de M\u00e9xico la falta de progreso en la extradici\u00f3n de Tom\u00e1s Zer\u00f3n, ex titular de la Agencia de Investigaci\u00f3n Criminal (AIC) \u201camenaza en convertirse en un factor irritante y disruptivo\u201d en la relaci\u00f3n con el Estado de Israel, al que se\u00f1ala de proteger al ex funcionario acusado de tortura y desaparici\u00f3n forzada.<\/p>\n\n\n\n<p>La Secretar\u00eda de Relaciones Exteriores (SRE) indic\u00f3 este viernes que las gestiones para extraditar Zer\u00f3n, pr\u00f3fugo en Israel desde 2019 y buscado por la justicia mexicana que lo acusa de ser uno de los arquitectos de la llamada \u201cverdad hist\u00f3rica\u201d del caso Ayotzinapa, han sido infructuosas y se\u00f1al\u00f3 que Israel est\u00e1 dando al ex funcionario \u201cun amparo de facto\u201d.<\/p>\n\n\n\n<p>\u201cLa acci\u00f3n legal que reclama M\u00e9xico al gobierno de Israel busca la extradici\u00f3n de una persona acusada de ejercer actos de violencia, infundir miedo, torturar y permanecer pr\u00f3fuga de la justicia. La falta de progreso en la resoluci\u00f3n de este caso se interpreta como un amparo de facto por parte del gobierno israel\u00ed a Tom\u00e1s Zer\u00f3n y amenaza en convertirse en un factor irritante y disruptivo con el Estado de Israel\u201d, se\u00f1ala la Canciller\u00eda en un reporte sobre el caso difundido hoy.<\/p>\n\n\n\n<p>M\u00e9xico present\u00f3 una solicitud de extradici\u00f3n el 9 de julio de 2020, inicialmente al gobierno de Canad\u00e1, que procedi\u00f3 a su b\u00fasqueda y, al no localizarlo, inform\u00f3 el 24 de agosto de 2020 que Zer\u00f3n hab\u00eda salido de Canad\u00e1 el 21 agosto de 2019 con destino a Tel Aviv.<\/p>\n\n\n\n<p>En agosto de 2020 la Fiscal\u00eda General de la Rep\u00fablica (FGR) inici\u00f3 gestiones ante el Estado de Israel para localizar a Zer\u00f3n, requerido por la justicia mexicana.<\/p>\n\n\n\n<p>La solicitud formal de extradici\u00f3n ante el Estado de Israel fue presentada por la canciller\u00eda mexicana el 30 de diciembre de 2021.<\/p>\n\n\n\n<p>\u201cDurante este periodo y hasta abril de 2024, el Gobierno de M\u00e9xico ha reiterado en diversas ocasiones, al m\u00e1s alto nivel pol\u00edtico y diplom\u00e1tico, la importancia que otorga al caso y la grave preocupaci\u00f3n por la falta de progreso\u201d, de acuerdo con la SRE.<\/p>\n\n\n\n<p>El reporte resalta que el presidente Andr\u00e9s Manuel L\u00f3pez Obrador envi\u00f3 misivas al entonces primer ministro Naftal\u00ed Bennett, en septiembre de 2021, y a su sucesor, Benjam\u00edn Netanyahu, en junio de 2023, solicitando y reiterando la extradici\u00f3n de Zer\u00f3n.<\/p>\n\n\n\n<p>Tanto la FGR como la canciller\u00eda mexicana han insistido reiteradamente en la pronta resoluci\u00f3n de este caso de inter\u00e9s nacional, con sus contrapartes del Estado de Israel, a trav\u00e9s de 22 videoconferencias, al menos 70 comunicaciones electr\u00f3nicas y una visita a Jerusal\u00e9n de una delegaci\u00f3n mexicana encabezada por el titular de la Unidad Especializada de Investigaci\u00f3n y Litigaci\u00f3n para el Caso Ayotzinapa, adscrita a la FGR.<\/p>\n\n\n\n<p>Despu\u00e9s de m\u00faltiples solicitudes de actualizaci\u00f3n al Estado de Israel, el 14 de diciembre de 2023 el Ministerio de Justicia del Estado de Israel comunic\u00f3 que la petici\u00f3n de extradici\u00f3n se encuentra en su etapa final de an\u00e1lisis.<\/p>\n\n\n\n<p>Esta misma informaci\u00f3n fue reiterada el 1 de febrero de 2024 por el Ministerio de Asuntos Exteriores israel\u00ed.<\/p>\n\n\n\n<p>En tal virtud, el 21 de marzo se insisti\u00f3 infructuosamente con las autoridades israel\u00edes en la necesidad de conocer los avances en el caso.<\/p>\n\n\n\n<p>Caso de Andr\u00e9s Roemer<\/p>\n\n\n\n<p>Respecto a la solicitud de extradici\u00f3n del escritor y diplom\u00e1tico Andr\u00e9s Roemer, tambi\u00e9n pr\u00f3fugo en Israel, la SRE indic\u00f3 que el gobierno israel\u00ed le comunic\u00f3 la semana pasada que la justicia de ese pa\u00eds ha determinado que puede ser extraditado.<\/p>\n\n\n\n<p>Roemer, sobre quien pesan m\u00faltiples acusaciones de abuso sexual y violaci\u00f3n en M\u00e9xico, dispone de 30 d\u00edas para apelar ante la Suprema Corte de Justicia de Israel.<\/p>\n\n\n\n<p>En este caso, el gobierno de M\u00e9xico reconoci\u00f3 la cooperaci\u00f3n del Estado de Israel en este proceso e interpreta la decisi\u00f3n como un paso alentador en la procuraci\u00f3n de justicia.<\/p>\n","protected":false},"excerpt":{"rendered":"<p>Ciudad de M\u00e9xico. Para el gobierno de M\u00e9xico la falta de progreso en la extradici\u00f3n de Tom\u00e1s Zer\u00f3n, ex titular de la Agencia de Investigaci\u00f3n Criminal (AIC) \u201camenaza en convertirse en un factor irritante y disruptivo\u201d en la relaci\u00f3n con el Estado de Israel, al que se\u00f1ala de proteger al ex funcionario acusado de tortura [&hellip;]<\/p>\n","protected":false},"author":1,"featured_media":8202,"comment_status":"open","ping_status":"open","sticky":false,"template":"","format":"standard","meta":{"content-type":"","footnotes":""},"categories":[3],"tags":[],"class_list":{"0":"post-8201","1":"post","2":"type-post","3":"status-publish","4":"format-standard","5":"has-post-thumbnail","7":"category-mexico"},"_links":{"self":[{"href":"https:\/\/www.regioncuatronoticias.com\/index.php\/wp-json\/wp\/v2\/posts\/8201","targetHints":{"allow":["GET"]}}],"collection":[{"href":"https:\/\/www.regioncuatronoticias.com\/index.php\/wp-json\/wp\/v2\/posts"}],"about":[{"href":"https:\/\/www.regioncuatronoticias.com\/index.php\/wp-json\/wp\/v2\/types\/post"}],"author":[{"embeddable":true,"href":"https:\/\/www.regioncuatronoticias.com\/index.php\/wp-json\/wp\/v2\/users\/1"}],"replies":[{"embeddable":true,"href":"https:\/\/www.regioncuatronoticias.com\/index.php\/wp-json\/wp\/v2\/comments?post=8201"}],"version-history":[{"count":1,"href":"https:\/\/www.regioncuatronoticias.com\/index.php\/wp-json\/wp\/v2\/posts\/8201\/revisions"}],"predecessor-version":[{"id":8203,"href":"https:\/\/www.regioncuatronoticias.com\/index.php\/wp-json\/wp\/v2\/posts\/8201\/revisions\/8203"}],"wp:featuredmedia":[{"embeddable":true,"href":"https:\/\/www.regioncuatronoticias.com\/index.php\/wp-json\/wp\/v2\/media\/8202"}],"wp:attachment":[{"href":"https:\/\/www.regioncuatronoticias.com\/index.php\/wp-json\/wp\/v2\/media?parent=8201"}],"wp:term":[{"taxonomy":"category","embeddable":true,"href":"https:\/\/www.regioncuatronoticias.com\/index.php\/wp-json\/wp\/v2\/categories?post=8201"},{"taxonomy":"post_tag","embeddable":true,"href":"https:\/\/www.regioncuatronoticias.com\/index.php\/wp-json\/wp\/v2\/tags?post=8201"}],"curies":[{"name":"wp","href":"https:\/\/api.w.org\/{rel}","templated":true}]}}