{"id":8189,"date":"2024-04-05T09:27:54","date_gmt":"2024-04-05T16:27:54","guid":{"rendered":"https:\/\/www.regioncuatronoticias.com\/?p=8189"},"modified":"2024-04-05T09:27:57","modified_gmt":"2024-04-05T16:27:57","slug":"no-romperemos-relaciones-con-ecuador-amlo","status":"publish","type":"post","link":"https:\/\/www.regioncuatronoticias.com\/index.php\/2024\/04\/05\/no-romperemos-relaciones-con-ecuador-amlo\/","title":{"rendered":"No romperemos relaciones con Ecuador: AMLO"},"content":{"rendered":"\n<p>Ciudad de M\u00e9xico. El presidente Andr\u00e9s Manuel L\u00f3pez Obrador respondi\u00f3 al gobierno de Ecuador que ayer declar\u00f3 persona non grata a la embajadora de M\u00e9xico en Quito, Raquel Serur. \u201cNosotros no vamos a romper relaciones ni vamos a hacer lo mismo con el embajador de Ecuador\u201d.<\/p>\n\n\n\n<p>Acus\u00f3 que hay riesgo de un allanamiento a la sede de la embajada mexicana en aquel pa\u00eds: \u201cMucha prepotencia, pero as\u00ed son los fachos\u201d.<\/p>\n\n\n\n<p>En la ma\u00f1anera de este viernes, a pregunta sobre la decisi\u00f3n del gobierno de Daniel Noboa de expulsar a la diplom\u00e1tica mexicana de su pa\u00eds \u2014al considerar que su par mexicano hizo unas \u201cmuy desafortunadas\u201d declaraciones sobre las elecciones en Ecuador de 2023\u2014, el jefe del Ejecutivo mexicano reiter\u00f3 esas declaraciones.<\/p>\n\n\n\n<p>Dijo que ya instruy\u00f3 a efectivos de la Fuerza A\u00e9rea Mexicana para que se traslade una nave que apoye la salida de la embajadora Serur, pues se le dieron 72 horas para salir de territorio ecuatoriano.<\/p>\n\n\n\n<p>\u201cVamos a ir a buscar a Raquel, hoy di instrucciones para que nos ayuden las fuerzas armadas, la Fuerza A\u00e9rea, y se traiga a nuestra embajadora, que es gente excepcional, una intelectual de primer nivel\u201d.<\/p>\n\n\n\n<p>Pese a la salida de la diplom\u00e1tica, L\u00f3pez Obrador dijo que se quedar\u00e1 una misi\u00f3n en la embajada de M\u00e9xico en Ecuador, &#8220;porque independientemente de lo que sostienen los del gobierno ecuatoriano, que adem\u00e1s nosotros respetamos esa decisi\u00f3n que tomaron, por un comentario que hice aqu\u00ed, que ahora voy a repetir para que el pueblo de Ecuador sepa que fue lo que expres\u00e9 y que no haya manipulaci\u00f3n, porque yo respeto mucho al pueblo de Ecuador y respeto mucho a todos los pueblos de Am\u00e9rica Latina y el Caribe\u201d.<\/p>\n\n\n\n<p>As\u00ed, el mandatario reiter\u00f3 que en las pasadas elecciones en esa naci\u00f3n se dio el asesinato de un candidato que hab\u00eda acusado al grupo del ex presidente Rafael Correa, \u201cquien hizo un buen gobierno\u201d, de estar ligado al narcotr\u00e1fico; tras ese crimen \u2014de acuerdo al presidente mexicano\u2014 la candidata del grupo corista que iba en primer lugar descendi\u00f3 en las preferencias y quien estaba en segundo (el hoy presidente) subi\u00f3.<\/p>\n\n\n\n<p>Las relaciones bilaterales entre ambos pa\u00edses se tensaron desde diciembre, tras el ingreso a la embajada mexicana en Quito del ex vicepresidente ecuatoriano Jorge Glas (2012-2018), quien solicit\u00f3 asilo a M\u00e9xico y contin\u00faa dentro de la sede tras argumentar una persecuci\u00f3n en su contra.<\/p>\n\n\n\n<p>A principios de marzo, el gobierno de L\u00f3pez Obrador rechaz\u00f3 una solicitud del gobierno de Ecuador para que agentes de seguridad ingresen a la embajada mexicana en Quito para cumplir con una orden de aprehensi\u00f3n contra Glas.<\/p>\n\n\n\n<p>L\u00f3pez Obrador dijo que M\u00e9xico est\u00e1 dispuesto a dar asilo al ex vicepresidente Glas, por la tradici\u00f3n de asilo de nuestro pa\u00eds.<\/p>\n\n\n\n<p>Ante el riesgo de un allanamiento a la embajada en Quito, llam\u00f3 a las organizaciones internacionales y a otras instancias a estar atentos.<\/p>\n\n\n\n<p>\u201cEs nuestra soberan\u00eda, y no se puede allanar. Ayer estuve viendo en la noche, porque todo esto es bastante publicitario, ese tambi\u00e9n es el prop\u00f3sito, vi el exceso de uso de fuerza rodeando la embajada, con mucha prepotencia. Pero as\u00ed son los fachos\u201d.<\/p>\n","protected":false},"excerpt":{"rendered":"<p>Ciudad de M\u00e9xico. El presidente Andr\u00e9s Manuel L\u00f3pez Obrador respondi\u00f3 al gobierno de Ecuador que ayer declar\u00f3 persona non grata a la embajadora de M\u00e9xico en Quito, Raquel Serur. \u201cNosotros no vamos a romper relaciones ni vamos a hacer lo mismo con el embajador de Ecuador\u201d. Acus\u00f3 que hay riesgo de un allanamiento a la [&hellip;]<\/p>\n","protected":false},"author":1,"featured_media":8190,"comment_status":"open","ping_status":"open","sticky":false,"template":"","format":"standard","meta":{"content-type":"","footnotes":""},"categories":[3],"tags":[],"class_list":{"0":"post-8189","1":"post","2":"type-post","3":"status-publish","4":"format-standard","5":"has-post-thumbnail","7":"category-mexico"},"_links":{"self":[{"href":"https:\/\/www.regioncuatronoticias.com\/index.php\/wp-json\/wp\/v2\/posts\/8189","targetHints":{"allow":["GET"]}}],"collection":[{"href":"https:\/\/www.regioncuatronoticias.com\/index.php\/wp-json\/wp\/v2\/posts"}],"about":[{"href":"https:\/\/www.regioncuatronoticias.com\/index.php\/wp-json\/wp\/v2\/types\/post"}],"author":[{"embeddable":true,"href":"https:\/\/www.regioncuatronoticias.com\/index.php\/wp-json\/wp\/v2\/users\/1"}],"replies":[{"embeddable":true,"href":"https:\/\/www.regioncuatronoticias.com\/index.php\/wp-json\/wp\/v2\/comments?post=8189"}],"version-history":[{"count":1,"href":"https:\/\/www.regioncuatronoticias.com\/index.php\/wp-json\/wp\/v2\/posts\/8189\/revisions"}],"predecessor-version":[{"id":8191,"href":"https:\/\/www.regioncuatronoticias.com\/index.php\/wp-json\/wp\/v2\/posts\/8189\/revisions\/8191"}],"wp:featuredmedia":[{"embeddable":true,"href":"https:\/\/www.regioncuatronoticias.com\/index.php\/wp-json\/wp\/v2\/media\/8190"}],"wp:attachment":[{"href":"https:\/\/www.regioncuatronoticias.com\/index.php\/wp-json\/wp\/v2\/media?parent=8189"}],"wp:term":[{"taxonomy":"category","embeddable":true,"href":"https:\/\/www.regioncuatronoticias.com\/index.php\/wp-json\/wp\/v2\/categories?post=8189"},{"taxonomy":"post_tag","embeddable":true,"href":"https:\/\/www.regioncuatronoticias.com\/index.php\/wp-json\/wp\/v2\/tags?post=8189"}],"curies":[{"name":"wp","href":"https:\/\/api.w.org\/{rel}","templated":true}]}}