{"id":8122,"date":"2024-04-04T11:23:59","date_gmt":"2024-04-04T18:23:59","guid":{"rendered":"https:\/\/www.regioncuatronoticias.com\/?p=8122"},"modified":"2024-04-04T11:24:01","modified_gmt":"2024-04-04T18:24:01","slug":"amlo-caso-luis-donaldo-esta-pendiente-fiscal-dara-a-conocer-investigacion-sobre-segundo-tirador-en-mananera","status":"publish","type":"post","link":"https:\/\/www.regioncuatronoticias.com\/index.php\/2024\/04\/04\/amlo-caso-luis-donaldo-esta-pendiente-fiscal-dara-a-conocer-investigacion-sobre-segundo-tirador-en-mananera\/","title":{"rendered":"AMLO: \u201cCaso Luis Donaldo est\u00e1 pendiente\u201d; Fiscal dar\u00e1 a conocer investigaci\u00f3n sobre segundo tirador en \u201cma\u00f1anera\u201d"},"content":{"rendered":"\n<p>Ciudad de M\u00e9xico (GH).- Al pasar las elecciones es del 2 de junio, el presidente Andr\u00e9s Manuel L\u00f3pez Obrador solicitar\u00e1 a Alejandro Gertz Manero, fiscal General de la Rep\u00fablica, que d\u00e9 a conocer en la conferencia matutina la investigaci\u00f3n sobre el segundo tirador en el asesinato de Luis Donaldo Colosio Murrieta.<\/p>\n\n\n\n<p>Yo les adelanto: le voy a pedir en su momento, nada m\u00e1s que pase la elecci\u00f3n, le voy a pedir con todo el respeto a su autonom\u00eda, y poniendo a su consideraci\u00f3n y si para ello no tiene inconveniente, que aqu\u00ed el Fiscal General d\u00e9 a conocer toda la investigaci\u00f3n sobre esto, porque eso es transparencia\u201d, dijo.<\/p>\n\n\n\n<p>L\u00f3pez Obrador precis\u00f3 que \u201cel caso de Luis Donaldo est\u00e1 pendiente\u201d y que en el aniversario luctuoso reciente de Colosio no quiso \u201cdecir nada\u201d.<\/p>\n\n\n\n<p>El caso de Luis Donaldo est\u00e1 pendiente, porque ahora que fue su aniversario o mejor dicho, aniversario de su asesinato, no quise decir nada, pero no estoy de acuerdo en que se silencie el hecho de que hubo un segundo tirador, que hay una orden de aprensi\u00f3n que el juez neg\u00f3 y que ese segundo tirador pertenec\u00eda al Cisen (Centro Nacional de Inteligencia), a la oficina de espionaje del gobierno de la \u00e9poca de (Carlos) Salinas\u201d, indic\u00f3.<\/p>\n\n\n\n<p>El mandatario precis\u00f3 su deseo de que se den a conocer los detalles sobre que quien rescat\u00f3 de Lomas Taurinas, Tijuana al segundo tirador fue Genaro Garc\u00eda Luna, en ese momento colaborador del Cisen.<\/p>\n\n\n\n<p>\u201cEso no se puede quedar sin aclarar\u201d, afirm\u00f3 y aunque respeta a Luis Donaldo Colosio Riojas, hijo del ex candidato presidencial asesinado, \u201cse tiene que conocer la verdad\u201d.<\/p>\n\n\n\n<p>No es un asunto, con todo respeto, del hijo de Luis Donaldo, que lo respeto y lo estimo; pienso que ya no quiere que se trate este asunto, pero es algo que s\u00ed importa mucho para que no se vuelva a repetir, un asesinato que hizo mucho da\u00f1o al Pa\u00eds, nunca m\u00e1s, se tiene que conocer la verdad\u201d, dijo.<\/p>\n","protected":false},"excerpt":{"rendered":"<p>Ciudad de M\u00e9xico (GH).- Al pasar las elecciones es del 2 de junio, el presidente Andr\u00e9s Manuel L\u00f3pez Obrador solicitar\u00e1 a Alejandro Gertz Manero, fiscal General de la Rep\u00fablica, que d\u00e9 a conocer en la conferencia matutina la investigaci\u00f3n sobre el segundo tirador en el asesinato de Luis Donaldo Colosio Murrieta. Yo les adelanto: le [&hellip;]<\/p>\n","protected":false},"author":1,"featured_media":8123,"comment_status":"open","ping_status":"open","sticky":false,"template":"","format":"standard","meta":{"content-type":"","footnotes":""},"categories":[105],"tags":[],"class_list":{"0":"post-8122","1":"post","2":"type-post","3":"status-publish","4":"format-standard","5":"has-post-thumbnail","7":"category-principal"},"_links":{"self":[{"href":"https:\/\/www.regioncuatronoticias.com\/index.php\/wp-json\/wp\/v2\/posts\/8122","targetHints":{"allow":["GET"]}}],"collection":[{"href":"https:\/\/www.regioncuatronoticias.com\/index.php\/wp-json\/wp\/v2\/posts"}],"about":[{"href":"https:\/\/www.regioncuatronoticias.com\/index.php\/wp-json\/wp\/v2\/types\/post"}],"author":[{"embeddable":true,"href":"https:\/\/www.regioncuatronoticias.com\/index.php\/wp-json\/wp\/v2\/users\/1"}],"replies":[{"embeddable":true,"href":"https:\/\/www.regioncuatronoticias.com\/index.php\/wp-json\/wp\/v2\/comments?post=8122"}],"version-history":[{"count":1,"href":"https:\/\/www.regioncuatronoticias.com\/index.php\/wp-json\/wp\/v2\/posts\/8122\/revisions"}],"predecessor-version":[{"id":8124,"href":"https:\/\/www.regioncuatronoticias.com\/index.php\/wp-json\/wp\/v2\/posts\/8122\/revisions\/8124"}],"wp:featuredmedia":[{"embeddable":true,"href":"https:\/\/www.regioncuatronoticias.com\/index.php\/wp-json\/wp\/v2\/media\/8123"}],"wp:attachment":[{"href":"https:\/\/www.regioncuatronoticias.com\/index.php\/wp-json\/wp\/v2\/media?parent=8122"}],"wp:term":[{"taxonomy":"category","embeddable":true,"href":"https:\/\/www.regioncuatronoticias.com\/index.php\/wp-json\/wp\/v2\/categories?post=8122"},{"taxonomy":"post_tag","embeddable":true,"href":"https:\/\/www.regioncuatronoticias.com\/index.php\/wp-json\/wp\/v2\/tags?post=8122"}],"curies":[{"name":"wp","href":"https:\/\/api.w.org\/{rel}","templated":true}]}}