{"id":8107,"date":"2024-04-04T10:28:38","date_gmt":"2024-04-04T17:28:38","guid":{"rendered":"https:\/\/www.regioncuatronoticias.com\/?p=8107"},"modified":"2024-04-04T10:28:42","modified_gmt":"2024-04-04T17:28:42","slug":"eclipse-no-afecta-actividad-escolar-no-hay-motivos-para-suspender-el-regreso-a-clases-este-proximo-lunes-sec","status":"publish","type":"post","link":"https:\/\/www.regioncuatronoticias.com\/index.php\/2024\/04\/04\/eclipse-no-afecta-actividad-escolar-no-hay-motivos-para-suspender-el-regreso-a-clases-este-proximo-lunes-sec\/","title":{"rendered":"Eclipse no afecta actividad escolar; no hay motivos para suspender el regreso a clases este pr\u00f3ximo lunes: SEC"},"content":{"rendered":"\n<p>Hermosillo, Sonora.- El eclipse de sol que suceder\u00e1 el pr\u00f3ximo lunes 8 de abril, no suspender\u00e1 el regreso a clases programado en el calendario escolar para esa fecha, al culminar el periodo de vacaciones.<\/p>\n\n\n\n<p>\u201cHasta el momento, no se ha emitido alguna recomendaci\u00f3n para suspender labores por motivo del eclipse solar que ocurrir\u00e1 en dicha fecha. El eclipse no afecta en nada las actividades diarias, se puede acudir a clases tomando en cuenta las medidas preventivas emitidas por las instancias competentes\u201d, dio a conocer la dependencia educativa.<\/p>\n\n\n\n<p>Las recomendaciones son, no mirar directamente al sol, ni siquiera utilizando gafas oscuras, pel\u00edculas veladas, radiograf\u00edas, lentes, prism\u00e1ticos, telescopios, c\u00e1maras fotogr\u00e1ficas ni dem\u00e1s aparatos de ampliaci\u00f3n de im\u00e1genes.&nbsp;<\/p>\n\n\n\n<p>Durante la ocurrencia del fen\u00f3meno que los alumnos estar\u00e1n en clases, se instruir\u00e1 a jefes de sector, supervisores, directivos y docentes, para que difundan entre la comunidad escolar las medidas de seguridad.<\/p>\n","protected":false},"excerpt":{"rendered":"<p>Hermosillo, Sonora.- El eclipse de sol que suceder\u00e1 el pr\u00f3ximo lunes 8 de abril, no suspender\u00e1 el regreso a clases programado en el calendario escolar para esa fecha, al culminar el periodo de vacaciones. \u201cHasta el momento, no se ha emitido alguna recomendaci\u00f3n para suspender labores por motivo del eclipse solar que ocurrir\u00e1 en dicha [&hellip;]<\/p>\n","protected":false},"author":1,"featured_media":8108,"comment_status":"open","ping_status":"open","sticky":false,"template":"","format":"standard","meta":{"content-type":"","footnotes":""},"categories":[9],"tags":[],"class_list":{"0":"post-8107","1":"post","2":"type-post","3":"status-publish","4":"format-standard","5":"has-post-thumbnail","7":"category-sonora"},"_links":{"self":[{"href":"https:\/\/www.regioncuatronoticias.com\/index.php\/wp-json\/wp\/v2\/posts\/8107","targetHints":{"allow":["GET"]}}],"collection":[{"href":"https:\/\/www.regioncuatronoticias.com\/index.php\/wp-json\/wp\/v2\/posts"}],"about":[{"href":"https:\/\/www.regioncuatronoticias.com\/index.php\/wp-json\/wp\/v2\/types\/post"}],"author":[{"embeddable":true,"href":"https:\/\/www.regioncuatronoticias.com\/index.php\/wp-json\/wp\/v2\/users\/1"}],"replies":[{"embeddable":true,"href":"https:\/\/www.regioncuatronoticias.com\/index.php\/wp-json\/wp\/v2\/comments?post=8107"}],"version-history":[{"count":1,"href":"https:\/\/www.regioncuatronoticias.com\/index.php\/wp-json\/wp\/v2\/posts\/8107\/revisions"}],"predecessor-version":[{"id":8109,"href":"https:\/\/www.regioncuatronoticias.com\/index.php\/wp-json\/wp\/v2\/posts\/8107\/revisions\/8109"}],"wp:featuredmedia":[{"embeddable":true,"href":"https:\/\/www.regioncuatronoticias.com\/index.php\/wp-json\/wp\/v2\/media\/8108"}],"wp:attachment":[{"href":"https:\/\/www.regioncuatronoticias.com\/index.php\/wp-json\/wp\/v2\/media?parent=8107"}],"wp:term":[{"taxonomy":"category","embeddable":true,"href":"https:\/\/www.regioncuatronoticias.com\/index.php\/wp-json\/wp\/v2\/categories?post=8107"},{"taxonomy":"post_tag","embeddable":true,"href":"https:\/\/www.regioncuatronoticias.com\/index.php\/wp-json\/wp\/v2\/tags?post=8107"}],"curies":[{"name":"wp","href":"https:\/\/api.w.org\/{rel}","templated":true}]}}