{"id":8037,"date":"2024-04-03T22:21:48","date_gmt":"2024-04-04T05:21:48","guid":{"rendered":"https:\/\/www.regioncuatronoticias.com\/?p=8037"},"modified":"2024-04-03T22:21:50","modified_gmt":"2024-04-04T05:21:50","slug":"inconformidad-social-crece-en-chile-sindicatos-anuncian-paro-nacional","status":"publish","type":"post","link":"https:\/\/www.regioncuatronoticias.com\/index.php\/2024\/04\/03\/inconformidad-social-crece-en-chile-sindicatos-anuncian-paro-nacional\/","title":{"rendered":"Inconformidad social crece en Chile; sindicatos anuncian paro nacional"},"content":{"rendered":"\n<p>Santiago. De la noche a la ma\u00f1ana, y por distintas razones, el gobierno del presidente chileno Gabriel Boric empieza a sufrir de crecientes movilizaciones sociales, impulsadas incluso por organizaciones sindicales que, te\u00f3ricamente, debieran ser partidarias del gobierno, seg\u00fan sus propios dirigentes lo se\u00f1alan.<\/p>\n\n\n\n<p>A la compleja situaci\u00f3n social en la Regi\u00f3n del Biob\u00edo, 700 kil\u00f3metros al sur de la capital chilena, donde unos 20 mil trabajadores del acero han comenzado a perder sus empleos tras la clausura de la principal usina del pa\u00eds, incapaz de competir frente al dumping del acero chino subsidiado; se a\u00f1adi\u00f3 la movilizaci\u00f3n de pescadores artesanales de la zona para que se les permita la captura de la caballa, cuya temporada ya culmin\u00f3, para suplir la carencia de sardina y anchoveta.<\/p>\n\n\n\n<p>Tambi\u00e9n, la izquierdista Central Unitaria de Trabajadores (CUT) convoc\u00f3 a un paro nacional para el 11 de abril, que explican como un intento para impulsar demandas &#8220;levantadas de la rearticulaci\u00f3n del tejido social, en reacci\u00f3n al descontento y falta de avance en las reformas que est\u00e1n atrapadas en un empate t\u00e9cnico incentivado por la derecha\u201d.<\/p>\n\n\n\n<p>Ayer, cuando el presidente de la CUT, David Acu\u00f1a, junto a unos 30 acompa\u00f1antes, iban al Palacio de La Moneda a entregar un documento explicativo, la polic\u00eda de Carabineros les cerr\u00f3 el pas\u00f3 y las emprendi\u00f3 a golpes contra la comitiva.<\/p>\n\n\n\n<p>La golpiza result\u00f3 en el enojo de los dirigentes, quienes expresaron su desencanto con Boric.<\/p>\n\n\n\n<p>&#8220;Con toda sinceridad y dolor, esto es culpa de un gobierno incapaz, vergonzoso, que no sabe tratar con las organizaciones sociales ni con el sindicalismo, ni responder a las necesidades del pueblo&#8221;, dijo el dirigente Eric Campos tras la represi\u00f3n sufrida.<\/p>\n\n\n\n<p>&#8220;No es el gobierno por el cual quisimos votar, este es el gobierno de la verg\u00fcenza cuando se trata de reprimir a las y los trabajadores; lo \u00fanico que hemos querido hacer es entregar un manifiesto que busca concretar las profundas reformas que Chile requiere&#8221;, a\u00f1adi\u00f3.<\/p>\n\n\n\n<p>A la mitad de su presidencia de cuatro a\u00f1os, Boric no ha podido concretar ninguna de las reformas estructurales que prometi\u00f3 realizar en salud, pensiones e impuestos, en buena medida por el bloqueo derechista en el legislativo, pero tambi\u00e9n por las desavenencias del oficialismo, que han envalentonado a aquellas.<\/p>\n\n\n\n<p>Seg\u00fan la CUT, el paro ser\u00e1 &#8220;un paso crucial en este proceso de movilizaci\u00f3n y reafirma el compromiso del movimiento social y sindical con la democracia, la paz y la justicia social en Chile\u201d.<\/p>\n\n\n\n<p>Mientras, en el Biob\u00edo, la situaci\u00f3n de la Compa\u00f1\u00eda de Aceros del Pac\u00edfico (CAP) contin\u00faa estancada, pues las sobretasas aduaneras del 12,5 por ciento que el gobierno cedi\u00f3, fueron consideradas insuficientes frente al 25 por ciento que la firma considera necesarias.<\/p>\n\n\n\n<p>Ayer, el ministro de Hacienda, Mario Marcel, emplaz\u00f3 a los propietarios de CAP diciendo que &#8220;es complejo que le traspasen \u00edntegramente al Gobierno las decisiones respecto del futuro de una de sus filiales&#8221;, adem\u00e1s de plantear que las compa\u00f1\u00edas mineras que compran &#8220;la mayor parte&#8221; del acero de CAP, &#8220;se involucren porque el problema no lo puede resolver un solo actor&#8221;.<\/p>\n","protected":false},"excerpt":{"rendered":"<p>Santiago. De la noche a la ma\u00f1ana, y por distintas razones, el gobierno del presidente chileno Gabriel Boric empieza a sufrir de crecientes movilizaciones sociales, impulsadas incluso por organizaciones sindicales que, te\u00f3ricamente, debieran ser partidarias del gobierno, seg\u00fan sus propios dirigentes lo se\u00f1alan. A la compleja situaci\u00f3n social en la Regi\u00f3n del Biob\u00edo, 700 kil\u00f3metros [&hellip;]<\/p>\n","protected":false},"author":1,"featured_media":8038,"comment_status":"open","ping_status":"open","sticky":false,"template":"","format":"standard","meta":{"content-type":"","footnotes":""},"categories":[7],"tags":[],"class_list":{"0":"post-8037","1":"post","2":"type-post","3":"status-publish","4":"format-standard","5":"has-post-thumbnail","7":"category-internacional"},"_links":{"self":[{"href":"https:\/\/www.regioncuatronoticias.com\/index.php\/wp-json\/wp\/v2\/posts\/8037","targetHints":{"allow":["GET"]}}],"collection":[{"href":"https:\/\/www.regioncuatronoticias.com\/index.php\/wp-json\/wp\/v2\/posts"}],"about":[{"href":"https:\/\/www.regioncuatronoticias.com\/index.php\/wp-json\/wp\/v2\/types\/post"}],"author":[{"embeddable":true,"href":"https:\/\/www.regioncuatronoticias.com\/index.php\/wp-json\/wp\/v2\/users\/1"}],"replies":[{"embeddable":true,"href":"https:\/\/www.regioncuatronoticias.com\/index.php\/wp-json\/wp\/v2\/comments?post=8037"}],"version-history":[{"count":1,"href":"https:\/\/www.regioncuatronoticias.com\/index.php\/wp-json\/wp\/v2\/posts\/8037\/revisions"}],"predecessor-version":[{"id":8039,"href":"https:\/\/www.regioncuatronoticias.com\/index.php\/wp-json\/wp\/v2\/posts\/8037\/revisions\/8039"}],"wp:featuredmedia":[{"embeddable":true,"href":"https:\/\/www.regioncuatronoticias.com\/index.php\/wp-json\/wp\/v2\/media\/8038"}],"wp:attachment":[{"href":"https:\/\/www.regioncuatronoticias.com\/index.php\/wp-json\/wp\/v2\/media?parent=8037"}],"wp:term":[{"taxonomy":"category","embeddable":true,"href":"https:\/\/www.regioncuatronoticias.com\/index.php\/wp-json\/wp\/v2\/categories?post=8037"},{"taxonomy":"post_tag","embeddable":true,"href":"https:\/\/www.regioncuatronoticias.com\/index.php\/wp-json\/wp\/v2\/tags?post=8037"}],"curies":[{"name":"wp","href":"https:\/\/api.w.org\/{rel}","templated":true}]}}