{"id":7971,"date":"2024-04-03T09:10:54","date_gmt":"2024-04-03T16:10:54","guid":{"rendered":"https:\/\/www.regioncuatronoticias.com\/?p=7971"},"modified":"2024-04-03T09:11:02","modified_gmt":"2024-04-03T16:11:02","slug":"ahora-si-se-hara-el-plhino","status":"publish","type":"post","link":"https:\/\/www.regioncuatronoticias.com\/index.php\/2024\/04\/03\/ahora-si-se-hara-el-plhino\/","title":{"rendered":"\u00bfAhora s\u00ed se har\u00e1 el Plhino?"},"content":{"rendered":"\n<p>Que el tema del agua en Sonora requiere un plan de largo plazo se sabe desde hace d\u00e9cadas.<\/p>\n\n\n\n<p>Si la millennial lectora, el imberbe lector escuchan hablar del Plhino seguramente pensar\u00e1n que se trata de un nuevo cantante de \u2018corridos tumbados\u2019, pero en realidad se trata del Plan Hidr\u00e1ulico del Noroeste, un ambicioso proyecto para traer agua desde Nayarit para garantizar el abasto del l\u00edquido vital ya para consumo humano, ya para actividades productivas, agropecuarias y\/o industriales.<\/p>\n\n\n\n<p>El tema ocup\u00f3 una parte importante de la conferencia ma\u00f1anera del gobernador Alfonso Durazo, quien record\u00f3 que el proyecto no ha podido concretarse en los \u00faltimos 40 o 50 a\u00f1os debido fundamentalmente a que siempre se han cruzado intereses pol\u00edticos regionales que lo han impedido.<\/p>\n\n\n\n<p>Sin embargo, inform\u00f3 que ya est\u00e1 sobre la mesa en la que participan los gobernadores de los estados del litoral del Mar de Cort\u00e9s y se est\u00e1 estudiando con seriedad porque, valga la redundancia, el complejo tema del agua en sus distintas vertientes es ciertamente serio.<\/p>\n\n\n\n<p>Por all\u00e1 en el a\u00f1o 2007 el tema resurgi\u00f3 en la agenda del entonces precandidato a la gubernatura por el PRI, Alfonso El\u00edas Serrano, quien apoyado por el gobernador Eduardo Bours perfilaron retomar el Plhino para dar soluci\u00f3n definitiva al tema de la disposici\u00f3n de agua en Sonora. En aquel entonces se hablaba de que el proyecto costar\u00eda unos 46 mil 500 millones de pesos y se concretar\u00eda en doce a\u00f1os.<\/p>\n\n\n\n<p>Pues ya han pasado 17 desde entonces y nunca se concret\u00f3 nada. Pero hoy el proyecto aparece de nuevo ante la situaci\u00f3n que se vive en Sonora y que se ha complicado por los efectos del cambio clim\u00e1tico y el calentamiento global. Por cierto, es un tema en el que siempre han insistido los productores agropecuarios del sur del estado, por lo que de ser retomado seguramente ser\u00eda apoyado por ese sector usualmente reacio a los proyectos gubernamentales en esa materia. Baste recordar la oposici\u00f3n al Acueducto Independencia y el conflicto pol\u00edtico-social que desat\u00f3.<\/p>\n\n\n\n<p>Pero el Plhino es en todo caso, un proyecto de largo plazo que contribuir\u00eda enormemente a resolver la disposici\u00f3n de agua en Sonora -el gobernador Durazo habl\u00f3 de que tambi\u00e9n en Sinaloa y eventualmente en Baja California- aprovechando los excedentes de agua en un estado como Nayarit, que suele recibir enormes precipitaciones pluviales que provocan incluso inundaciones tres o cuatro veces al a\u00f1o.<\/p>\n\n\n\n<p>Mientras eso se concreta, el gobierno de Sonora implementa el Plan Estrat\u00e9gico de Protecci\u00f3n Civil en Materia H\u00eddrica, que comienza por reasignar los recursos necesarios para la atenci\u00f3n del abasto de agua en la entidad.<\/p>\n\n\n\n<p>Si bien el abasto est\u00e1 garantizado para este a\u00f1o, el plan busca contar con la infraestructura necesaria para garantizar el abasto en los a\u00f1os venideros a partir de la coordinaci\u00f3n con varias instituciones, entre ellas las comisiones Estatal y Nacional del Agua, la Uni\u00f3n Ganadera Regional de Sonora.<\/p>\n\n\n\n<p>Estas acciones emergentes incluyen la perforaci\u00f3n y equipamiento de pozos, el fortalecimiento a las unidades de riego, la inducci\u00f3n de lluvias en todo el estado; reconversi\u00f3n de cultivos, sistemas de riego de precisi\u00f3n y programas de distribuci\u00f3n de agua en agostadero, entre otras.<\/p>\n\n\n\n<p>Por cierto, el programa de inducci\u00f3n de lluvias fue suspendido este a\u00f1o en Sonora derivado de que el gobierno federal no asign\u00f3 los recursos para ello, pero fue retomado por el gobierno estatal, que junto con la UGRS destinar\u00e1n los recursos necesarios para el bombardeo de nubes con yoduro de plata.<\/p>\n\n\n\n<p>II<\/p>\n\n\n\n<p>El caso de la suspensi\u00f3n de funciones como notario p\u00fablico del exsecretario de Gobierno de Claudia Pavlovich, Miguel Ernesto Pompa Corella tom\u00f3 un nuevo sesgo ayer, al conocerse que un juzgado federal le otorg\u00f3 un amparo en contra de esa medida, derivada de un juicio administrativo interpuesto por el gobierno del estado.<\/p>\n\n\n\n<p>Fue el Juzgado de Distrito D\u00e9cimo Segundo del Poder Judicial de la Federacion la instancia que concedi\u00f3 el amparo contra la suspensi\u00f3n ordenada por el Tribunal de Justicia Administrativa estatal el pasado 21 de marzo.<\/p>\n\n\n\n<p>El juzgado federal determin\u00f3 que \u201cprocede a otorgar la suspensi\u00f3n provisional del acto reclamado a efecto de que, sin paralizar el tr\u00e1mite de juicio contencioso administrativo en el que se emiti\u00f3 dicho acto, porque este es de orden p\u00fablico, las cosas se mantengan en el estado que ten\u00edan antes de la emisi\u00f3n del citado acuerdo y por lo tanto no se ejecute la medida cautelar decretada por el mismo\u201d.<\/p>\n\n\n\n<p>De esta manera, las autoridades no podr\u00e1n obligar a Pompa Corella a que ponga a disposici\u00f3n del tribunal responsable los folios y los sellos relativos a su funci\u00f3n como notario p\u00fablico y de abstenerse de realizar asesoramientos a quienes comparezcan a solicitar sus servicios.<\/p>\n\n\n\n<p>En resumen, las cosas se quedan en el estado en que se encontraban antes del 21 de marzo; \u201cEl Potrillo\u201d podr\u00e1 ejercer sus funciones en tanto se resuelva de fondo el asunto, lo que seguramente ser\u00e1 un periodo largo pues en este litigio, donde se advierten por todos lados visos pol\u00edticos, la lucha en los tribunales ser\u00e1 cruenta.<\/p>\n\n\n\n<p>III<\/p>\n\n\n\n<p>Ya sali\u00f3 la lista de seleccionados para ocupar una curul como diputad@s plurinominales de Morena en la c\u00e1mara local de diputados.<\/p>\n\n\n\n<p>Esa lista la encabeza el reci\u00e9n nombrado dirigente estatal de ese partido, Julio C\u00e9sar Navarro Contreras, que apenas en enero pasado relev\u00f3 a un anodino Macario Carrillo, cuyo ef\u00edmero paso por la dirigencia estatal fue de lo m\u00e1s intrascendente.<\/p>\n\n\n\n<p>El segundo lugar lo ocupa Mar\u00eda Jes\u00fas Delgado Gaxiola, una guaymense y probada militante del obradorismo a quien por fin le hizo justicia la Transformaci\u00f3n, siendo de las afortunadas en tener dos velas encendidas, ya que tambi\u00e9n aparece como suplente de Sebasti\u00e1n Ordu\u00f1o, actual diputado local por el distrito XIII con cabecera en el bello puerto, que va por la reelecci\u00f3n.<\/p>\n\n\n\n<p>Los lugares tres, cuatro y cinco lo ocupan respectivamente Jorge Alberto Hern\u00e1ndez Urrea, Mar\u00eda Antonieta Castro Oca\u00f1o y F\u00e9lix Ba\u00f1uelos Alvarado, que posiblemente tengan m\u00e9ritos suficientes en la talacha partidista, pero francamente son nombres de muy poca exposici\u00f3n medi\u00e1tica.<\/p>\n\n\n\n<p>La lista est\u00e1 integrada por 12 personas, seis hombres y seis mujeres, pero ser\u00eda ocioso enumerar al resto, ya que sus posibilidades de llegar a una curul son nulas, pues por razones de aritm\u00e9tica electoral est\u00e1n fuera. B\u00e1sicamente porque entre m\u00e1s diputados de mayor\u00eda gane Morena, menos posibilidades tienen.<\/p>\n\n\n\n<p>Con quien s\u00ed se \u2018chacalearon\u2019 fue con Mar\u00eda Engracia Carrazco Valenzuela. A la actual directora del Instituto Sonorense de Educaci\u00f3n para Adultos la mandaron al lugar doce (el \u00faltimo).<\/p>\n\n\n\n<p>Mary Carrazco, como familiarmente se le conoce en Morena Universitaria donde ha dejado huella como activista estudiantil y sindical durante m\u00e1s de cuatro d\u00e9cadas fue \u2018elegida\u2019 como candidata a diputada local por el distrito XI en Hermosillo durante el proceso electoral 2021, pero en una de esas maniobras extra\u00f1as que a veces aparecen entre los dem\u00f3cratas, la hicieron a un lado para que Ivana Celeste Taddei Arriola ocupara su lugar.<\/p>\n\n\n\n<p>Hubo pataleos y sombrerazos por este enroque, y como premio de consolaci\u00f3n le asignaron a Mary Carrazco la direcci\u00f3n del ISEA, donde tuvo una gesti\u00f3n m\u00e1s bien accidentada y conflictiva, aunque la mantuvieron en el cargo hasta el final, con la promesa de que en 2024 s\u00ed le tocar\u00eda una candidatura.<\/p>\n\n\n\n<p>No solamente no apareci\u00f3 entre las candidatas de Morena a una diputaci\u00f3n local, sino que en lo que parece un desplante de rudeza innecesaria la mandaron al \u00faltimo lugar de la lista, donde su nombre aparece poco menos que ornamentalmente.<\/p>\n\n\n\n<p>Pasa lo mismo con Juanita Matuz que en un pasado proceso ya ten\u00eda amarrada la candidatura pero qued\u00f3 fuera por el tema de la sobrerrepresentaci\u00f3n. Hoy va en el lugar ocho, sin ninguna posibilidad de llegar, pero quiz\u00e1 con otra promesa de que \u2018m\u00e1s adelantito\u2019\u2026<\/p>\n\n\n\n<p>Y bueno, en la lista sobresalen algunos nombres, pero tambi\u00e9n se notan algunas ausencias. La Keteko, por ejemplo, tampoco apareci\u00f3 ni como suplente en el lugar 13, que no existe. En fin\u2026<\/p>\n\n\n\n<p>Tambi\u00e9n me puedes seguir en Twitter @Chaposoto<\/p>\n\n\n\n<p>Visita www.elzancudo.com.mx<\/p>\n","protected":false},"excerpt":{"rendered":"<p>Que el tema del agua en Sonora requiere un plan de largo plazo se sabe desde hace d\u00e9cadas. Si la millennial lectora, el imberbe lector escuchan hablar del Plhino seguramente pensar\u00e1n que se trata de un nuevo cantante de \u2018corridos tumbados\u2019, pero en realidad se trata del Plan Hidr\u00e1ulico del Noroeste, un ambicioso proyecto para [&hellip;]<\/p>\n","protected":false},"author":1,"featured_media":7972,"comment_status":"open","ping_status":"open","sticky":false,"template":"","format":"standard","meta":{"content-type":"","footnotes":""},"categories":[125],"tags":[],"class_list":{"0":"post-7971","1":"post","2":"type-post","3":"status-publish","4":"format-standard","5":"has-post-thumbnail","7":"category-arturo-soto-munguia"},"_links":{"self":[{"href":"https:\/\/www.regioncuatronoticias.com\/index.php\/wp-json\/wp\/v2\/posts\/7971","targetHints":{"allow":["GET"]}}],"collection":[{"href":"https:\/\/www.regioncuatronoticias.com\/index.php\/wp-json\/wp\/v2\/posts"}],"about":[{"href":"https:\/\/www.regioncuatronoticias.com\/index.php\/wp-json\/wp\/v2\/types\/post"}],"author":[{"embeddable":true,"href":"https:\/\/www.regioncuatronoticias.com\/index.php\/wp-json\/wp\/v2\/users\/1"}],"replies":[{"embeddable":true,"href":"https:\/\/www.regioncuatronoticias.com\/index.php\/wp-json\/wp\/v2\/comments?post=7971"}],"version-history":[{"count":1,"href":"https:\/\/www.regioncuatronoticias.com\/index.php\/wp-json\/wp\/v2\/posts\/7971\/revisions"}],"predecessor-version":[{"id":7973,"href":"https:\/\/www.regioncuatronoticias.com\/index.php\/wp-json\/wp\/v2\/posts\/7971\/revisions\/7973"}],"wp:featuredmedia":[{"embeddable":true,"href":"https:\/\/www.regioncuatronoticias.com\/index.php\/wp-json\/wp\/v2\/media\/7972"}],"wp:attachment":[{"href":"https:\/\/www.regioncuatronoticias.com\/index.php\/wp-json\/wp\/v2\/media?parent=7971"}],"wp:term":[{"taxonomy":"category","embeddable":true,"href":"https:\/\/www.regioncuatronoticias.com\/index.php\/wp-json\/wp\/v2\/categories?post=7971"},{"taxonomy":"post_tag","embeddable":true,"href":"https:\/\/www.regioncuatronoticias.com\/index.php\/wp-json\/wp\/v2\/tags?post=7971"}],"curies":[{"name":"wp","href":"https:\/\/api.w.org\/{rel}","templated":true}]}}