{"id":7968,"date":"2024-04-03T09:09:14","date_gmt":"2024-04-03T16:09:14","guid":{"rendered":"https:\/\/www.regioncuatronoticias.com\/?p=7968"},"modified":"2024-04-03T09:09:51","modified_gmt":"2024-04-03T16:09:51","slug":"posponen-debate-abre-puerta-para-posible-liberacion-de-mario-aburto","status":"publish","type":"post","link":"https:\/\/www.regioncuatronoticias.com\/index.php\/2024\/04\/03\/posponen-debate-abre-puerta-para-posible-liberacion-de-mario-aburto\/","title":{"rendered":"Posponen debate: Abre puerta para posible liberaci\u00f3n de Mario Aburto"},"content":{"rendered":"\n<p>Francisco Javier Ruiz Quirr\u00edn<\/p>\n\n\n\n<p>De Primera Mano<\/p>\n\n\n\n<p>EL TEMA est\u00e1 siendo tomado, adem\u00e1s de su estricto apego a lo que mandata la Ley, con cierta dosis de sensibilidad. El amplio criterio de las y los ministros de la Corte les hace concebir que el resolutivo podr\u00eda mover las conciencias en el pa\u00eds.<\/p>\n\n\n\n<p>Si no fuera as\u00ed ayer mismo se hubiese debatido sobre el proyecto elaborado por la ministra ponente, Margarita R\u00edos Farjat, para echar abajo una impugnaci\u00f3n sobre el Amparo concedido a Mario Aburto Mart\u00ednez, que busca dejar la c\u00e1rcel este 23 de marzo.<\/p>\n\n\n\n<p>La Fundaci\u00f3n Colosio, del PRI, redact\u00f3 un documento que en su car\u00e1cter de un tercero desde fuera del juicio (conocido como amicus curiae) entreg\u00f3 a la Suprema Corte de Justicia de la Naci\u00f3n el pasado 13 de febrero donde expone argumentos jur\u00eddicos, s\u00f3lidos, para evitar que el asesino confeso de Luis Donaldo Colosio Murrieta, alcance su prop\u00f3sito de quedar libre, exactamente el d\u00eda del \u201cmagnicidio\u201d aquel 1994.<\/p>\n\n\n\n<p>Todo comenz\u00f3 cuando la defensa de Aburto acudi\u00f3 a un tribunal colegiado de apelaciones, en Toluca, y consigui\u00f3 un Amparo ante el argumento de que debi\u00f3 haber sido sentenciado por un delito del orden com\u00fan y aplicado en su sentencia el c\u00f3digo penal de Baja California, que contempla una pena m\u00e1xima de 30 a\u00f1os para el homicida doloso.<\/p>\n\n\n\n<p>Como se sabe, Aburto compurga 45 a\u00f1os de prisi\u00f3n porque fue juzgado y sentenciado acorde al C\u00f3digo Penal Federal. Obligado a hacerlo, la Fiscal\u00eda General de la Rep\u00fablica, impugn\u00f3 dicho Amparo ante la Suprema Corte de Justicia de la Naci\u00f3n.<\/p>\n\n\n\n<p>La ministra R\u00edos Farjat ser\u00e1 la ponente y se hab\u00eda establecido como fecha para debatir y votar el caso este mi\u00e9rcoles 13 de marzo. El punto en la orden del d\u00eda, se pospuso y quiz\u00e1 se contemple en la sesi\u00f3n del pr\u00f3ximo d\u00eda 20.<\/p>\n\n\n\n<p>La Fundaci\u00f3n Colosio del PRI, en el documento que entreg\u00f3 a la Corte \u2013firmado por el presidente, Alejandro Moreno y el presidente y vicepresidente de la Fundaci\u00f3n, Samuel Palma C\u00e9sar y Guillermo Hopkins G\u00e1mez- esgrime una serie de argumentos para evitar la liberaci\u00f3n de Aburto.<\/p>\n\n\n\n<p>Entre los puntos m\u00e1s s\u00f3lidos, se indica en el escrito que el asesinato del candidato presidencial fue \u201catra\u00eddo\u201d por la FGR, seg\u00fan sus facultades, por varias razones. Entre ellas, porque la v\u00edctima era senador de la rep\u00fablica, con licencia, pero adem\u00e1s, un candidato de un partido nacional como el PRI, registrado ante el \u00f3rgano electoral federal vigente, aparte de que el homicidio calificado puede ser visto por la instancia federal, dadas las condiciones y la calificativa de \u201cmagnicidio\u201d de aquel crimen.<\/p>\n\n\n\n<p>Por otro lado, resulta m\u00e1s que evidente que \u201crefrescar\u201d el caso Colosio y \u201cmover\u201d a posibilidad de liberar a Aburto, convendr\u00eda a los intereses del partido \u201cMORENA\u201d en plena campa\u00f1a presidencial.<\/p>\n\n\n\n<p>El asesino confeso de un candidato presidencial, ya en la calle, podr\u00eda decir lo que le venga en gana, entre otras cosas, hasta involucrar a enemigos del presente r\u00e9gimen, entre ellos a un \u201cn\u00e9mesis\u201d del Presidente L\u00f3pez Obrador: Carlos Salinas de Gortari.<\/p>\n\n\n\n<p>NO HAY muchas sorpresas entre los nombres \u201cfiltrados\u201d por MORENA ayer, respecto a las y los aspirantes a una candidatura para buscar una diputaci\u00f3n local en Sonora\u2026 Quiz\u00e1 valdr\u00eda la pena mencionar al actual alcalde de San Luis R\u00edo Colorado, Santos Gonz\u00e1lez Yescas, quien todo indica, est\u00e1 venciendo a los \u201cfantasmas\u201d que le aparecieron de noche en su propio partido\u2026 David Figueroa, al parecer, no ir\u00eda por Hermosillo\u2026 La designaci\u00f3n de Ely Sallard, en cumplimiento al compromiso de buscar la reelecci\u00f3n al pasarse del PRI a \u201cMorena\u201d\u2026 Norberto Barraza, por un distrito de local de Hermosillo\u2026 Una hermana de Ana Gabriela Guevara, por la reelecci\u00f3n en Nogales\u2026 Total, son cuando menos, once figuras \u201cmorenistas\u201d las que buscar\u00e1n seguir cobrando cheque en el Congreso del Estado\u2026 Finalmente, la posibilidad absurda de que en Caborca, el actual alcalde busque reelegirse, lo que de hecho es considerado como una aberraci\u00f3n.<\/p>\n","protected":false},"excerpt":{"rendered":"<p>Francisco Javier Ruiz Quirr\u00edn De Primera Mano EL TEMA est\u00e1 siendo tomado, adem\u00e1s de su estricto apego a lo que mandata la Ley, con cierta dosis de sensibilidad. El amplio criterio de las y los ministros de la Corte les hace concebir que el resolutivo podr\u00eda mover las conciencias en el pa\u00eds. Si no fuera [&hellip;]<\/p>\n","protected":false},"author":1,"featured_media":7970,"comment_status":"open","ping_status":"open","sticky":false,"template":"","format":"standard","meta":{"content-type":"","footnotes":""},"categories":[124],"tags":[],"class_list":{"0":"post-7968","1":"post","2":"type-post","3":"status-publish","4":"format-standard","5":"has-post-thumbnail","7":"category-francisco-javier-ruiz-quirrin"},"_links":{"self":[{"href":"https:\/\/www.regioncuatronoticias.com\/index.php\/wp-json\/wp\/v2\/posts\/7968","targetHints":{"allow":["GET"]}}],"collection":[{"href":"https:\/\/www.regioncuatronoticias.com\/index.php\/wp-json\/wp\/v2\/posts"}],"about":[{"href":"https:\/\/www.regioncuatronoticias.com\/index.php\/wp-json\/wp\/v2\/types\/post"}],"author":[{"embeddable":true,"href":"https:\/\/www.regioncuatronoticias.com\/index.php\/wp-json\/wp\/v2\/users\/1"}],"replies":[{"embeddable":true,"href":"https:\/\/www.regioncuatronoticias.com\/index.php\/wp-json\/wp\/v2\/comments?post=7968"}],"version-history":[{"count":1,"href":"https:\/\/www.regioncuatronoticias.com\/index.php\/wp-json\/wp\/v2\/posts\/7968\/revisions"}],"predecessor-version":[{"id":7969,"href":"https:\/\/www.regioncuatronoticias.com\/index.php\/wp-json\/wp\/v2\/posts\/7968\/revisions\/7969"}],"wp:featuredmedia":[{"embeddable":true,"href":"https:\/\/www.regioncuatronoticias.com\/index.php\/wp-json\/wp\/v2\/media\/7970"}],"wp:attachment":[{"href":"https:\/\/www.regioncuatronoticias.com\/index.php\/wp-json\/wp\/v2\/media?parent=7968"}],"wp:term":[{"taxonomy":"category","embeddable":true,"href":"https:\/\/www.regioncuatronoticias.com\/index.php\/wp-json\/wp\/v2\/categories?post=7968"},{"taxonomy":"post_tag","embeddable":true,"href":"https:\/\/www.regioncuatronoticias.com\/index.php\/wp-json\/wp\/v2\/tags?post=7968"}],"curies":[{"name":"wp","href":"https:\/\/api.w.org\/{rel}","templated":true}]}}