{"id":7943,"date":"2024-04-02T10:24:20","date_gmt":"2024-04-02T17:24:20","guid":{"rendered":"https:\/\/www.regioncuatronoticias.com\/?p=7943"},"modified":"2024-04-02T10:24:23","modified_gmt":"2024-04-02T17:24:23","slug":"union-de-usuarios-de-hermosillo-continua-su-lucha-para-que-convenios-logrados-sean-decreto","status":"publish","type":"post","link":"https:\/\/www.regioncuatronoticias.com\/index.php\/2024\/04\/02\/union-de-usuarios-de-hermosillo-continua-su-lucha-para-que-convenios-logrados-sean-decreto\/","title":{"rendered":"Uni\u00f3n de Usuarios de Hermosillo contin\u00faa su lucha para que convenios logrados sean decreto"},"content":{"rendered":"\n<p>HERMOSILLO, Sonora.- La Uni\u00f3n de Usuario de Hermosillo continuar\u00e1 con la lucha social para que los convenios logrados con la modificaci\u00f3n de rango tarifario y la ampliaci\u00f3n del subsidio se renueven cada a\u00f1o hasta convertirse en un decreto, inform\u00f3 Ignacio Peinado Luna.<\/p>\n\n\n\n<p>El dirigente de la Uni\u00f3n, coment\u00f3 que a partir de este mes de febrero se hace efectivo el convenio de la ampliaci\u00f3n del subsidio el\u00e9ctrico y la modificaci\u00f3n de las tarifas.<\/p>\n\n\n\n<p>Se logr\u00f3 materializar la lucha de los usuarios a bien tambi\u00e9n con el acompa\u00f1amiento, como interlocutor por parte del gobierno del estado de Sonora\u201d.<\/p>\n\n\n\n<p>\u201cEspec\u00edficamente del ciudadano gobernador, ante el hecho de cabildear, gestionar con el presidente de la Rep\u00fablica\u201d, coment\u00f3.<\/p>\n\n\n\n<p>Ampliaci\u00f3n del subsidio el\u00e9ctrico<\/p>\n\n\n\n<p>A partir del 1 de abril se ampli\u00f3 el subsidio el\u00e9ctrico, explic\u00f3, cuando antes daba inicio el 1 de mayo.<\/p>\n\n\n\n<p>El segundo beneficio es la modificaci\u00f3n del rango tarifario.<\/p>\n","protected":false},"excerpt":{"rendered":"<p>HERMOSILLO, Sonora.- La Uni\u00f3n de Usuario de Hermosillo continuar\u00e1 con la lucha social para que los convenios logrados con la modificaci\u00f3n de rango tarifario y la ampliaci\u00f3n del subsidio se renueven cada a\u00f1o hasta convertirse en un decreto, inform\u00f3 Ignacio Peinado Luna. El dirigente de la Uni\u00f3n, coment\u00f3 que a partir de este mes de [&hellip;]<\/p>\n","protected":false},"author":1,"featured_media":7944,"comment_status":"open","ping_status":"open","sticky":false,"template":"","format":"standard","meta":{"content-type":"","footnotes":""},"categories":[8],"tags":[],"class_list":{"0":"post-7943","1":"post","2":"type-post","3":"status-publish","4":"format-standard","5":"has-post-thumbnail","7":"category-hermosillo"},"_links":{"self":[{"href":"https:\/\/www.regioncuatronoticias.com\/index.php\/wp-json\/wp\/v2\/posts\/7943","targetHints":{"allow":["GET"]}}],"collection":[{"href":"https:\/\/www.regioncuatronoticias.com\/index.php\/wp-json\/wp\/v2\/posts"}],"about":[{"href":"https:\/\/www.regioncuatronoticias.com\/index.php\/wp-json\/wp\/v2\/types\/post"}],"author":[{"embeddable":true,"href":"https:\/\/www.regioncuatronoticias.com\/index.php\/wp-json\/wp\/v2\/users\/1"}],"replies":[{"embeddable":true,"href":"https:\/\/www.regioncuatronoticias.com\/index.php\/wp-json\/wp\/v2\/comments?post=7943"}],"version-history":[{"count":1,"href":"https:\/\/www.regioncuatronoticias.com\/index.php\/wp-json\/wp\/v2\/posts\/7943\/revisions"}],"predecessor-version":[{"id":7945,"href":"https:\/\/www.regioncuatronoticias.com\/index.php\/wp-json\/wp\/v2\/posts\/7943\/revisions\/7945"}],"wp:featuredmedia":[{"embeddable":true,"href":"https:\/\/www.regioncuatronoticias.com\/index.php\/wp-json\/wp\/v2\/media\/7944"}],"wp:attachment":[{"href":"https:\/\/www.regioncuatronoticias.com\/index.php\/wp-json\/wp\/v2\/media?parent=7943"}],"wp:term":[{"taxonomy":"category","embeddable":true,"href":"https:\/\/www.regioncuatronoticias.com\/index.php\/wp-json\/wp\/v2\/categories?post=7943"},{"taxonomy":"post_tag","embeddable":true,"href":"https:\/\/www.regioncuatronoticias.com\/index.php\/wp-json\/wp\/v2\/tags?post=7943"}],"curies":[{"name":"wp","href":"https:\/\/api.w.org\/{rel}","templated":true}]}}