{"id":7940,"date":"2024-04-02T10:23:19","date_gmt":"2024-04-02T17:23:19","guid":{"rendered":"https:\/\/www.regioncuatronoticias.com\/?p=7940"},"modified":"2024-04-02T10:23:20","modified_gmt":"2024-04-02T17:23:20","slug":"utiliza-morena-dinero-publico-para-promover-a-sheinbaum-galvez","status":"publish","type":"post","link":"https:\/\/www.regioncuatronoticias.com\/index.php\/2024\/04\/02\/utiliza-morena-dinero-publico-para-promover-a-sheinbaum-galvez\/","title":{"rendered":"Utiliza Morena dinero p\u00fablico para promover a Sheinbaum: G\u00e1lvez"},"content":{"rendered":"\n<p>Boca del R\u00edo, Ver. Luego que el Instituto Nacional Electoral (INE) abri\u00f3 una investigaci\u00f3n por el presunto uso indebido de su emblema por parte de X\u00f3chitl G\u00e1lvez, candidata presidencial de Fuerza y Coraz\u00f3n por M\u00e9xico (PAN, PRI y PRD), la abanderada de la oposici\u00f3n se\u00f1al\u00f3 que, aunque la \u201crega\u00f1aron porque us\u00e9 una imagen con el logo\u201d del instituto, consider\u00f3 que \u201ces m\u00e1s grave que Morena haga uso del dinero p\u00fablico para promover una candidata\u201d, e insisti\u00f3 al \u00f3rgano electoral en su solicitud para que la reciba.<\/p>\n\n\n\n<p>En conferencia de prensa en Boca del R\u00edo, solicit\u00f3 de nueva cuenta al \u00f3rgano electoral que la reciba, ya que expuso que hay un antecedente de una campa\u00f1a como la que ella pidi\u00f3, y present\u00f3 un espot de radio del INE de 2019 en el que se ped\u00eda no usar los programas sociales en campa\u00f1as electorales.<\/p>\n\n\n\n<p>Junto a Jos\u00e9 Yunes, candidato de la oposici\u00f3n a la gubernatura de Veracruz y frente al ex gobernador Miguel \u00c1ngel Yunes, quien tambi\u00e9n acudi\u00f3 a la conferencia de prensa, G\u00e1lvez present\u00f3 su propuesta de desarrollo de infraestructura para esta entidad.<\/p>\n\n\n\n<p>En su mensaje, cuestion\u00f3 el llamado \u201cPlan C\u201d de Morena y sus aliados con el que busca alcanzar la mayor\u00eda en el Congreso de la Uni\u00f3n, y bautiz\u00f3 su estrategia como \u201cPlan X\u201d.<\/p>\n\n\n\n<p>Apunt\u00f3 que \u201cNosotros no vamos a usar el Congreso para destruir al pa\u00eds, nosotros no queremos destruir la democracia. Nosotros creemos en la divisi\u00f3n de Poderes, creemos en la autonom\u00eda de la Suprema Corte de Justicia, en los organismos aut\u00f3nomos como el INAI para que obliguen a los gobiernos a ser transparentes, en el IFT, en la Cofece, estos organismos que el pa\u00eds tenga mejor rumbo y que hoy se encuentran amenazados por la candidata de Morena, que quiere el plan C, pero el plan C es para destruir, no para construir\u201d.<\/p>\n\n\n\n<p>Tras pedir a los diputados federales y senadores de los partidos que la impulsan a hacer campa\u00f1a \u201cen favor de proyecto de un gobierno de coalici\u00f3n\u201d.<\/p>\n\n\n\n<p>Adem\u00e1s, lanz\u00f3 reiteradas acusaciones contra Roc\u00edo Nahle, candidata de Morena y sus aliados a la gubernatura de Veracruz, a quien critic\u00f3 en distintas ocasiones en su conferencia de prensa. Se\u00f1al\u00f3 a la ex secretaria de energ\u00eda de comprar una casa por un valor de 50 millones de pesos y \u201cfracasar\u201d con la refiner\u00eda de Dos Bocas. Sin presentar pruebas, momentos despu\u00e9s reconoci\u00f3 \u201cbueno, eso dicen que vale la casa, no soy valuadora p\u00fablica\u201d.<\/p>\n\n\n\n<p>Tambi\u00e9n dijo que de ganar, desparecer\u00eda a los Servidores de la Naci\u00f3n. \u201cDe las cosas que logr\u00e9 hacer con mi querido Carlos Urz\u00faa, fue darnos cuenta que hab\u00eda un monto de gasto corriente en Bienestar, el asum\u00eda, en paz descanse, que parte de ese dinero se estaba usando en los servidores de la naci\u00f3n, realmente los servidores de la naci\u00f3n no se requieren para los programas sociales\u2026 este gobierno us\u00f3 a los servidores de la naci\u00f3n como los elementos que van casa por casa a decirle a los adultos mayores que ese dinero se los manda el presidente, as\u00ed, as\u00ed de c\u00ednico\u201d, agreg\u00f3.<\/p>\n\n\n\n<p>Por la ma\u00f1ana, G\u00e1lvez se reuni\u00f3 en Xalapa con los candidatos de la alianza entre el PAN, PRI y PRD en el estado, en un encuentro privado.<\/p>\n","protected":false},"excerpt":{"rendered":"<p>Boca del R\u00edo, Ver. Luego que el Instituto Nacional Electoral (INE) abri\u00f3 una investigaci\u00f3n por el presunto uso indebido de su emblema por parte de X\u00f3chitl G\u00e1lvez, candidata presidencial de Fuerza y Coraz\u00f3n por M\u00e9xico (PAN, PRI y PRD), la abanderada de la oposici\u00f3n se\u00f1al\u00f3 que, aunque la \u201crega\u00f1aron porque us\u00e9 una imagen con el [&hellip;]<\/p>\n","protected":false},"author":1,"featured_media":7941,"comment_status":"open","ping_status":"open","sticky":false,"template":"","format":"standard","meta":{"content-type":"","footnotes":""},"categories":[123],"tags":[],"class_list":{"0":"post-7940","1":"post","2":"type-post","3":"status-publish","4":"format-standard","5":"has-post-thumbnail","7":"category-elecciones2024"},"_links":{"self":[{"href":"https:\/\/www.regioncuatronoticias.com\/index.php\/wp-json\/wp\/v2\/posts\/7940","targetHints":{"allow":["GET"]}}],"collection":[{"href":"https:\/\/www.regioncuatronoticias.com\/index.php\/wp-json\/wp\/v2\/posts"}],"about":[{"href":"https:\/\/www.regioncuatronoticias.com\/index.php\/wp-json\/wp\/v2\/types\/post"}],"author":[{"embeddable":true,"href":"https:\/\/www.regioncuatronoticias.com\/index.php\/wp-json\/wp\/v2\/users\/1"}],"replies":[{"embeddable":true,"href":"https:\/\/www.regioncuatronoticias.com\/index.php\/wp-json\/wp\/v2\/comments?post=7940"}],"version-history":[{"count":1,"href":"https:\/\/www.regioncuatronoticias.com\/index.php\/wp-json\/wp\/v2\/posts\/7940\/revisions"}],"predecessor-version":[{"id":7942,"href":"https:\/\/www.regioncuatronoticias.com\/index.php\/wp-json\/wp\/v2\/posts\/7940\/revisions\/7942"}],"wp:featuredmedia":[{"embeddable":true,"href":"https:\/\/www.regioncuatronoticias.com\/index.php\/wp-json\/wp\/v2\/media\/7941"}],"wp:attachment":[{"href":"https:\/\/www.regioncuatronoticias.com\/index.php\/wp-json\/wp\/v2\/media?parent=7940"}],"wp:term":[{"taxonomy":"category","embeddable":true,"href":"https:\/\/www.regioncuatronoticias.com\/index.php\/wp-json\/wp\/v2\/categories?post=7940"},{"taxonomy":"post_tag","embeddable":true,"href":"https:\/\/www.regioncuatronoticias.com\/index.php\/wp-json\/wp\/v2\/tags?post=7940"}],"curies":[{"name":"wp","href":"https:\/\/api.w.org\/{rel}","templated":true}]}}