{"id":7937,"date":"2024-04-02T10:22:02","date_gmt":"2024-04-02T17:22:02","guid":{"rendered":"https:\/\/www.regioncuatronoticias.com\/?p=7937"},"modified":"2024-04-02T10:22:03","modified_gmt":"2024-04-02T17:22:03","slug":"unison-abre-convocatoria-para-segunda-generacion-de-maestria-en-comunicacion-estrategica","status":"publish","type":"post","link":"https:\/\/www.regioncuatronoticias.com\/index.php\/2024\/04\/02\/unison-abre-convocatoria-para-segunda-generacion-de-maestria-en-comunicacion-estrategica\/","title":{"rendered":"Unison abre convocatoria para segunda generaci\u00f3n de Maestr\u00eda en Comunicaci\u00f3n Estrat\u00e9gica"},"content":{"rendered":"\n<p>El\u00edas Quijada<\/p>\n\n\n\n<p>Con orientaci\u00f3n profesionalizante y doble titulaci\u00f3n por la Universidad de Sonora y la Universidad de Pereira, en Colombia, el Departamento de Psicolog\u00eda y Ciencias de la Comunicaci\u00f3n de la m\u00e1xima casa de estudios de los sonorenses lanza la convocatoria para la segunda generaci\u00f3n 2024-2026 de la Maestr\u00eda en Comunicaci\u00f3n Estrat\u00e9gica (MCE).<\/p>\n\n\n\n<p>El objetivo de la oferta educativa es formar estrategas competentes para la gesti\u00f3n de la comunicaci\u00f3n y de activos intangibles en empresas, instituciones y organismos, adem\u00e1s va dirigido a egresados de la Licenciatura en Ciencias de la Comunicaci\u00f3n o de otras \u00e1reas de conocimiento que funjan como responsable de la comunicaci\u00f3n en organizaciones p\u00fablicas, privadas o sociales, revel\u00f3 Manuela Matus Verdugo, coordinadora de la Maestr\u00eda en Comunicaci\u00f3n Estrat\u00e9gica.<\/p>\n\n\n\n<p>Sobre las l\u00edneas de investigaci\u00f3n que deber\u00e1n abordar los aspirantes a la MCE son: Campo profesional y gesti\u00f3n estrat\u00e9gica de la comunicaci\u00f3n en las organizaciones, Comunicaci\u00f3n digital, Comunicaci\u00f3n, Cultura organizacional, Identidad e Imagen, precis\u00f3.<\/p>\n\n\n\n<p>El perfil del aspirante<\/p>\n\n\n\n<p>Indic\u00f3 que el perfil del aspirante va enfocado a fortalecer las capacidades para identificar o intervenir en procesos comunicacionales de las organizaciones, tambi\u00e9n de manejar recursos tecnol\u00f3gicos para la interacci\u00f3n comunicativa, adem\u00e1s de planear y ejecutar agenda de medios.<\/p>\n\n\n\n<p>Mencion\u00f3 que actualmente se trabaja de manera cercana entre la Universidad de Sonora y la Universidad Cat\u00f3lica de Pereira, en Colombia, para que estudiantes de la primera generaci\u00f3n del posgrado de ambas instituciones realicen una estad\u00eda acad\u00e9mica para poder recibir la doble titulaci\u00f3n en forma y tiempo.<\/p>\n\n\n\n<p>Destac\u00f3 que la movilidad estudiantil es relevante en la formaci\u00f3n de los alumnos y alumnas porque permite conocer el desarrollo de la comunicaci\u00f3n en otro pa\u00eds y expande la visi\u00f3n profesional con la aplicaci\u00f3n de habilidades y conocimientos adquiridos durante el proceso de ense\u00f1anza en otra instituci\u00f3n de educaci\u00f3n superior y ofrece la capacidad de adaptaci\u00f3n a situaciones nuevas y complejas, necesarias en cualquier trabajo.<\/p>\n\n\n\n<p>Requisitos<\/p>\n\n\n\n<p>La acad\u00e9mica de la Licenciatura en Ciencias de la Comunicaci\u00f3n explic\u00f3 que los aspirantes deben de cumplir con los documentos y requisitos como tener t\u00edtulo de licenciatura en Ciencias de la Comunicaci\u00f3n, carrera af\u00edn o de otra \u00e1rea del conocimiento, documento oficial de calificaciones con promedio igual o mayor a 80, c\u00e9dula profesional, acta de nacimiento, identificaci\u00f3n oficial, curr\u00edculum con comprobantes, entre otros.<\/p>\n\n\n\n<p>Resalt\u00f3 que los criterios para la apertura de nuevo ingreso establecen un m\u00ednimo de 10 estudiantes y un m\u00e1ximo de 25, mientras que los conceptos de aceptaci\u00f3n se basar\u00e1n en una entrevista colegiada con el estudiante, originalidad, coherencia y pertinencia de anteproyecto avalado por una organizaci\u00f3n, antecedentes acad\u00e9micos y laborales, Examen Nacional de Ingreso (EXANI-III) y promedio de licenciatura.<\/p>\n\n\n\n<p>Se\u00f1al\u00f3 que las fechas a considerar por parte de los aspirantes son sobre el examen de ingreso al posgrado que es el pr\u00f3ximo 3 de mayo de 2024; el registro en la plataforma de la Universidad de Sonora es hasta el 24 de mayo en el sitio https:\/\/aspirantesposgrado.uson.mx\/.<\/p>\n\n\n\n<p>La entrevista con la Comisi\u00f3n Acad\u00e9mica del Posgrado est\u00e1 establecida para aspirantes extranjeros del 15 al 19 de abril y del 3 al 7 de junio para aspirantes nacionales; la publicaci\u00f3n de resultados ser\u00e1 el 29 de abril para extranjeros y el 14 de junio para aspirantes nacionales.<\/p>\n\n\n\n<p>Mientras que las inscripciones se llevar\u00e1n a cabo los d\u00edas 26 y 27 de junio y el inicio de clases ser\u00e1 el 5 de agosto del presente a\u00f1o.<\/p>\n\n\n\n<p>Para recibir m\u00e1s informaci\u00f3n de la Maestr\u00eda en Comunicaci\u00f3n Estrat\u00e9gica pueden comunicarse a los tel\u00e9fonos 6622 59 21 74, 6622 59 21 88 y 6622 59 21 73 o bien acceder al sitio http:\/\/www.maestriacomunicacionestrategica.unison.mx<\/p>\n","protected":false},"excerpt":{"rendered":"<p>El\u00edas Quijada Con orientaci\u00f3n profesionalizante y doble titulaci\u00f3n por la Universidad de Sonora y la Universidad de Pereira, en Colombia, el Departamento de Psicolog\u00eda y Ciencias de la Comunicaci\u00f3n de la m\u00e1xima casa de estudios de los sonorenses lanza la convocatoria para la segunda generaci\u00f3n 2024-2026 de la Maestr\u00eda en Comunicaci\u00f3n Estrat\u00e9gica (MCE). El objetivo [&hellip;]<\/p>\n","protected":false},"author":1,"featured_media":7938,"comment_status":"open","ping_status":"open","sticky":false,"template":"","format":"standard","meta":{"content-type":"","footnotes":""},"categories":[9],"tags":[],"class_list":{"0":"post-7937","1":"post","2":"type-post","3":"status-publish","4":"format-standard","5":"has-post-thumbnail","7":"category-sonora"},"_links":{"self":[{"href":"https:\/\/www.regioncuatronoticias.com\/index.php\/wp-json\/wp\/v2\/posts\/7937","targetHints":{"allow":["GET"]}}],"collection":[{"href":"https:\/\/www.regioncuatronoticias.com\/index.php\/wp-json\/wp\/v2\/posts"}],"about":[{"href":"https:\/\/www.regioncuatronoticias.com\/index.php\/wp-json\/wp\/v2\/types\/post"}],"author":[{"embeddable":true,"href":"https:\/\/www.regioncuatronoticias.com\/index.php\/wp-json\/wp\/v2\/users\/1"}],"replies":[{"embeddable":true,"href":"https:\/\/www.regioncuatronoticias.com\/index.php\/wp-json\/wp\/v2\/comments?post=7937"}],"version-history":[{"count":1,"href":"https:\/\/www.regioncuatronoticias.com\/index.php\/wp-json\/wp\/v2\/posts\/7937\/revisions"}],"predecessor-version":[{"id":7939,"href":"https:\/\/www.regioncuatronoticias.com\/index.php\/wp-json\/wp\/v2\/posts\/7937\/revisions\/7939"}],"wp:featuredmedia":[{"embeddable":true,"href":"https:\/\/www.regioncuatronoticias.com\/index.php\/wp-json\/wp\/v2\/media\/7938"}],"wp:attachment":[{"href":"https:\/\/www.regioncuatronoticias.com\/index.php\/wp-json\/wp\/v2\/media?parent=7937"}],"wp:term":[{"taxonomy":"category","embeddable":true,"href":"https:\/\/www.regioncuatronoticias.com\/index.php\/wp-json\/wp\/v2\/categories?post=7937"},{"taxonomy":"post_tag","embeddable":true,"href":"https:\/\/www.regioncuatronoticias.com\/index.php\/wp-json\/wp\/v2\/tags?post=7937"}],"curies":[{"name":"wp","href":"https:\/\/api.w.org\/{rel}","templated":true}]}}