{"id":7916,"date":"2024-04-02T10:11:11","date_gmt":"2024-04-02T17:11:11","guid":{"rendered":"https:\/\/www.regioncuatronoticias.com\/?p=7916"},"modified":"2024-04-02T10:11:14","modified_gmt":"2024-04-02T17:11:14","slug":"expone-los-ojos-de-chatcot-una-mirada-a-la-iconografia-de-la-histeria","status":"publish","type":"post","link":"https:\/\/www.regioncuatronoticias.com\/index.php\/2024\/04\/02\/expone-los-ojos-de-chatcot-una-mirada-a-la-iconografia-de-la-histeria\/","title":{"rendered":"Expone &#8216;Los Ojos de Chatcot&#8217; una mirada a la iconograf\u00eda de la histeria"},"content":{"rendered":"\n<p><em>Ciudad de M\u00e9xico.&nbsp;<\/em>La instalaci\u00f3n inmersiva &#8216;Los Ojos de Charcot&#8217; de la artista mexicana Edith V\u00e1zquez, expone la mirada contempor\u00e1nea a la iconograf\u00eda de la histeria femenina, mediante retratos m\u00e9dicos de mujeres diagnosticadas como \u201chist\u00e9ricas\u201d durante el siglo XIX, esa pieza permanecer\u00e1 hasta el s\u00e1bado 6 de abril en la galer\u00eda 3 de la Academia de San Carlos.<\/p>\n\n\n\n<p>Las im\u00e1genes que la integran fueron tomadas del hospital de La Salp\u00eatri\u00e8re, en Par\u00eds, Francia, un nosocomio p\u00fablico construido en el siglo XVII, considerado como una \u201cprisi\u00f3n\u201d donde ingresaban indigentes y pacientes diagnosticadas con ese padecimiento.<\/p>\n\n\n\n<p>Edith V\u00e1zquez combina las fotograf\u00edas con la tecnolog\u00eda contempor\u00e1nea, como un juego de luces, m\u00fasica, video y mapping, con las cuales enfrenta las etiquetas de enfermedades impuestas a lo largo de la historia.<\/p>\n\n\n\n<p>La obra est\u00e1 inspirada en el trabajo que realiz\u00f3 el neur\u00f3logo franc\u00e9s Jean-Martin Charcot (1825-1993), en ese lugar, para investigar su teor\u00eda donde descart\u00f3 que el origen de esa enfermedad se diera en el \u00fatero y fuera exclusivo de las mujeres, como se pensaba; propuso que el origen es neurol\u00f3gico y era producida por traumas, incluso sustancias t\u00f3xicas como el alcohol.<\/p>\n\n\n\n<p>Esa investigaci\u00f3n la realiz\u00f3 V\u00e1zquez como parte del posdoctorado que curso en la Facultad de Artes y Dise\u00f1o de la Universidad Nacional Aut\u00f3noma de M\u00e9xico, adem\u00e1s cont\u00f3 con el apoyo del Sistema de Apoyos a la Creaci\u00f3n y Proyectos Culturales y form\u00f3 parte del Programa de Estancias Posdoctorales que emite la Direcci\u00f3n General de Asuntos del Personal Acad\u00e9mico de la m\u00e1xima casa de estudios del pa\u00eds.<\/p>\n\n\n\n<p>En la pieza colaboraron el programador de arte generativo MDAP-Mario D. Alvarado; la m\u00fasica original realizada por Rogelio Sosa; la iluminaci\u00f3n de Omar G\u00f3mez y el Video Mapping por parte de Omar A. Jim\u00e9nez Fajardo.<\/p>\n\n\n\n<p>Edith V\u00e1zquez es doctora en Artes y Dise\u00f1o por la FAD-UNAM. En sus obras, utiliza sistemas \u00f3pticos, luz y medios digitales, ha expuesto su trabajo en diversos pa\u00edses de Europa y Am\u00e9rica. Actualmente es docente en el posgrado de la facultad.<\/p>\n\n\n\n<p>&#8216;Los Ojos de Chatcot&#8217; permanecer\u00e1 hasta el s\u00e1bado 6 de abril en la Academia de San Carlos, ubicada en Academia 22, Centro Hist\u00f3rico, con horarios de 10 a 18 horas con entrada libre.<\/p>\n","protected":false},"excerpt":{"rendered":"<p>Ciudad de M\u00e9xico.&nbsp;La instalaci\u00f3n inmersiva &#8216;Los Ojos de Charcot&#8217; de la artista mexicana Edith V\u00e1zquez, expone la mirada contempor\u00e1nea a la iconograf\u00eda de la histeria femenina, mediante retratos m\u00e9dicos de mujeres diagnosticadas como \u201chist\u00e9ricas\u201d durante el siglo XIX, esa pieza permanecer\u00e1 hasta el s\u00e1bado 6 de abril en la galer\u00eda 3 de la Academia de [&hellip;]<\/p>\n","protected":false},"author":1,"featured_media":7917,"comment_status":"open","ping_status":"open","sticky":false,"template":"","format":"standard","meta":{"content-type":"","footnotes":""},"categories":[112],"tags":[],"class_list":{"0":"post-7916","1":"post","2":"type-post","3":"status-publish","4":"format-standard","5":"has-post-thumbnail","7":"category-cultura"},"_links":{"self":[{"href":"https:\/\/www.regioncuatronoticias.com\/index.php\/wp-json\/wp\/v2\/posts\/7916","targetHints":{"allow":["GET"]}}],"collection":[{"href":"https:\/\/www.regioncuatronoticias.com\/index.php\/wp-json\/wp\/v2\/posts"}],"about":[{"href":"https:\/\/www.regioncuatronoticias.com\/index.php\/wp-json\/wp\/v2\/types\/post"}],"author":[{"embeddable":true,"href":"https:\/\/www.regioncuatronoticias.com\/index.php\/wp-json\/wp\/v2\/users\/1"}],"replies":[{"embeddable":true,"href":"https:\/\/www.regioncuatronoticias.com\/index.php\/wp-json\/wp\/v2\/comments?post=7916"}],"version-history":[{"count":1,"href":"https:\/\/www.regioncuatronoticias.com\/index.php\/wp-json\/wp\/v2\/posts\/7916\/revisions"}],"predecessor-version":[{"id":7918,"href":"https:\/\/www.regioncuatronoticias.com\/index.php\/wp-json\/wp\/v2\/posts\/7916\/revisions\/7918"}],"wp:featuredmedia":[{"embeddable":true,"href":"https:\/\/www.regioncuatronoticias.com\/index.php\/wp-json\/wp\/v2\/media\/7917"}],"wp:attachment":[{"href":"https:\/\/www.regioncuatronoticias.com\/index.php\/wp-json\/wp\/v2\/media?parent=7916"}],"wp:term":[{"taxonomy":"category","embeddable":true,"href":"https:\/\/www.regioncuatronoticias.com\/index.php\/wp-json\/wp\/v2\/categories?post=7916"},{"taxonomy":"post_tag","embeddable":true,"href":"https:\/\/www.regioncuatronoticias.com\/index.php\/wp-json\/wp\/v2\/tags?post=7916"}],"curies":[{"name":"wp","href":"https:\/\/api.w.org\/{rel}","templated":true}]}}