{"id":7880,"date":"2024-04-02T09:58:48","date_gmt":"2024-04-02T16:58:48","guid":{"rendered":"https:\/\/www.regioncuatronoticias.com\/?p=7880"},"modified":"2024-04-02T09:58:50","modified_gmt":"2024-04-02T16:58:50","slug":"deja-juez-sin-efecto-orden-a-aprehension-contra-el-guero-palma","status":"publish","type":"post","link":"https:\/\/www.regioncuatronoticias.com\/index.php\/2024\/04\/02\/deja-juez-sin-efecto-orden-a-aprehension-contra-el-guero-palma\/","title":{"rendered":"Deja juez sin efecto orden a aprehensi\u00f3n contra \u2018El G\u00fcero\u2019 Palma"},"content":{"rendered":"\n<p><em>Ciudad de M\u00e9xico.&nbsp;<\/em>El juez Conrado Alcal\u00e1 Romo, titular del Juzgado Tercero de Distrito de Amparo en Materia Penal en el Estado de Jalisco, con sede en Zapopan, dej\u00f3 sin efecto una orden de aprehensi\u00f3n en contra del capo sinaloense, H\u00e9ctor Palma Salazar,&nbsp;<em>El G\u00fcero<\/em>&nbsp;Palma, fundador del&nbsp;<em>c\u00e1rtel<\/em>&nbsp;de Sinaloa, por el delito de homicidio del subdirector del penal de m\u00e1xima seguridad de Puente Grande en el a\u00f1o 2000.<\/p>\n\n\n\n<p>As\u00ed lo dio a conocer este martes en la ma\u00f1anera presidencial el subsecretario de Seguridad P\u00fablica federal, Luis Rodr\u00edguez Bucio, al presentar los casos de jueces que favorecen a presuntos criminales durante la secci\u00f3n Cero Impunidad.<\/p>\n\n\n\n<p>Detall\u00f3 que el juez Alcal\u00e1 Romo concedi\u00f3 un amparo en beneficio del G\u00fcero Palma el pasado 27 de febrero para que el juez segundo en materia penal y justicia integral para adolescentes del estado de Jalisco deje insubsistente el auto de formal prisi\u00f3n en contra del capo emitido 24 de mayo de 2023.<\/p>\n\n\n\n<p>El juzgador, agreg\u00f3 el funcionario, tambi\u00e9n orden\u00f3 reponer el procedimiento y que se desahoguen las pruebas testimoniales, interrogatorios y careos entre los testigos y el inculpado que no le hab\u00edan sido admitidas en el proceso.<\/p>\n\n\n\n<p>\u201cDe acuerdo con Alcal\u00e1 Romo la inadmisi\u00f3n de las pruebas ofrecidas por H\u00e9ctor \u201cN\u201d result\u00f3 violatoria a su garant\u00eda de audiencia y defensa\u201d, se\u00f1al\u00f3 el subsecretario.<\/p>\n","protected":false},"excerpt":{"rendered":"<p>Ciudad de M\u00e9xico.&nbsp;El juez Conrado Alcal\u00e1 Romo, titular del Juzgado Tercero de Distrito de Amparo en Materia Penal en el Estado de Jalisco, con sede en Zapopan, dej\u00f3 sin efecto una orden de aprehensi\u00f3n en contra del capo sinaloense, H\u00e9ctor Palma Salazar,&nbsp;El G\u00fcero&nbsp;Palma, fundador del&nbsp;c\u00e1rtel&nbsp;de Sinaloa, por el delito de homicidio del subdirector del penal [&hellip;]<\/p>\n","protected":false},"author":1,"featured_media":7881,"comment_status":"open","ping_status":"open","sticky":false,"template":"","format":"standard","meta":{"content-type":"","footnotes":""},"categories":[3,105],"tags":[],"class_list":{"0":"post-7880","1":"post","2":"type-post","3":"status-publish","4":"format-standard","5":"has-post-thumbnail","7":"category-mexico","8":"category-principal"},"_links":{"self":[{"href":"https:\/\/www.regioncuatronoticias.com\/index.php\/wp-json\/wp\/v2\/posts\/7880","targetHints":{"allow":["GET"]}}],"collection":[{"href":"https:\/\/www.regioncuatronoticias.com\/index.php\/wp-json\/wp\/v2\/posts"}],"about":[{"href":"https:\/\/www.regioncuatronoticias.com\/index.php\/wp-json\/wp\/v2\/types\/post"}],"author":[{"embeddable":true,"href":"https:\/\/www.regioncuatronoticias.com\/index.php\/wp-json\/wp\/v2\/users\/1"}],"replies":[{"embeddable":true,"href":"https:\/\/www.regioncuatronoticias.com\/index.php\/wp-json\/wp\/v2\/comments?post=7880"}],"version-history":[{"count":1,"href":"https:\/\/www.regioncuatronoticias.com\/index.php\/wp-json\/wp\/v2\/posts\/7880\/revisions"}],"predecessor-version":[{"id":7882,"href":"https:\/\/www.regioncuatronoticias.com\/index.php\/wp-json\/wp\/v2\/posts\/7880\/revisions\/7882"}],"wp:featuredmedia":[{"embeddable":true,"href":"https:\/\/www.regioncuatronoticias.com\/index.php\/wp-json\/wp\/v2\/media\/7881"}],"wp:attachment":[{"href":"https:\/\/www.regioncuatronoticias.com\/index.php\/wp-json\/wp\/v2\/media?parent=7880"}],"wp:term":[{"taxonomy":"category","embeddable":true,"href":"https:\/\/www.regioncuatronoticias.com\/index.php\/wp-json\/wp\/v2\/categories?post=7880"},{"taxonomy":"post_tag","embeddable":true,"href":"https:\/\/www.regioncuatronoticias.com\/index.php\/wp-json\/wp\/v2\/tags?post=7880"}],"curies":[{"name":"wp","href":"https:\/\/api.w.org\/{rel}","templated":true}]}}