{"id":7874,"date":"2024-04-02T09:57:09","date_gmt":"2024-04-02T16:57:09","guid":{"rendered":"https:\/\/www.regioncuatronoticias.com\/?p=7874"},"modified":"2024-04-02T09:57:13","modified_gmt":"2024-04-02T16:57:13","slug":"vinculan-a-proceso-a-dos-policias-por-el-asesinato-de-yanqui-kothan","status":"publish","type":"post","link":"https:\/\/www.regioncuatronoticias.com\/index.php\/2024\/04\/02\/vinculan-a-proceso-a-dos-policias-por-el-asesinato-de-yanqui-kothan\/","title":{"rendered":"Vinculan a proceso a dos polic\u00edas por el asesinato de Yanqui Kothan"},"content":{"rendered":"\n<p>Los dos polic\u00edas de Guerrero que fueron detenidos por el asesinato del estudiante de la normal rural de Ayotzinapa, Yanqui Kothan G\u00f3mez Peralta, de 23 a\u00f1os, fueron vinculados a proceso penal, inform\u00f3 el subsecretario de Seguridad P\u00fablica, Luis Rodr\u00edguez Bucio.<\/p>\n\n\n\n<p>En la secci\u00f3n Cero Impunidad de la ma\u00f1anera del presidente Andr\u00e9s Manuel L\u00f3pez Obrador, el subsecretario detall\u00f3 que se trata de los ex uniformados Francisco \u201cN\u201d y Sigifredo \u201cN\u201d, vinculados por el homicidio calificado del normalista y por la tentativa de homicidio calificado en contra de otros dos estudiantes en los hechos ocurridos en la noche del 7 de marzo en Tixtla, Guerrero.<\/p>\n\n\n\n<p>Asimismo, el funcionario se\u00f1al\u00f3 que las autoridades correspondientes realizan acciones de investigaci\u00f3n para localizar a otro polic\u00eda estatal involucrado en el crimen, quien en d\u00edas pasados se dio a la fuga,<\/p>\n\n\n\n<p>\u201cPor estos hechos, el 8 de marzo, la Fiscal\u00eda General de la Rep\u00fablica abri\u00f3 la carpeta de investigaci\u00f3n y ejerci\u00f3 la facultad de atracci\u00f3n de una carpeta iniciada por la Fiscal\u00eda General Estatal de Guerrero\u201d, dijo Rodr\u00edguez Bucio.<\/p>\n\n\n\n<p>Por estos delitos, indic\u00f3 el subsecretario, ya se impuso la medida cautelar de prisi\u00f3n preventiva oficiosa a los dos polic\u00edas vinculados a proceso.<\/p>\n","protected":false},"excerpt":{"rendered":"<p>Los dos polic\u00edas de Guerrero que fueron detenidos por el asesinato del estudiante de la normal rural de Ayotzinapa, Yanqui Kothan G\u00f3mez Peralta, de 23 a\u00f1os, fueron vinculados a proceso penal, inform\u00f3 el subsecretario de Seguridad P\u00fablica, Luis Rodr\u00edguez Bucio. En la secci\u00f3n Cero Impunidad de la ma\u00f1anera del presidente Andr\u00e9s Manuel L\u00f3pez Obrador, el [&hellip;]<\/p>\n","protected":false},"author":1,"featured_media":7875,"comment_status":"open","ping_status":"open","sticky":false,"template":"","format":"standard","meta":{"content-type":"","footnotes":""},"categories":[113],"tags":[],"class_list":{"0":"post-7874","1":"post","2":"type-post","3":"status-publish","4":"format-standard","5":"has-post-thumbnail","7":"category-seguridad"},"_links":{"self":[{"href":"https:\/\/www.regioncuatronoticias.com\/index.php\/wp-json\/wp\/v2\/posts\/7874","targetHints":{"allow":["GET"]}}],"collection":[{"href":"https:\/\/www.regioncuatronoticias.com\/index.php\/wp-json\/wp\/v2\/posts"}],"about":[{"href":"https:\/\/www.regioncuatronoticias.com\/index.php\/wp-json\/wp\/v2\/types\/post"}],"author":[{"embeddable":true,"href":"https:\/\/www.regioncuatronoticias.com\/index.php\/wp-json\/wp\/v2\/users\/1"}],"replies":[{"embeddable":true,"href":"https:\/\/www.regioncuatronoticias.com\/index.php\/wp-json\/wp\/v2\/comments?post=7874"}],"version-history":[{"count":1,"href":"https:\/\/www.regioncuatronoticias.com\/index.php\/wp-json\/wp\/v2\/posts\/7874\/revisions"}],"predecessor-version":[{"id":7876,"href":"https:\/\/www.regioncuatronoticias.com\/index.php\/wp-json\/wp\/v2\/posts\/7874\/revisions\/7876"}],"wp:featuredmedia":[{"embeddable":true,"href":"https:\/\/www.regioncuatronoticias.com\/index.php\/wp-json\/wp\/v2\/media\/7875"}],"wp:attachment":[{"href":"https:\/\/www.regioncuatronoticias.com\/index.php\/wp-json\/wp\/v2\/media?parent=7874"}],"wp:term":[{"taxonomy":"category","embeddable":true,"href":"https:\/\/www.regioncuatronoticias.com\/index.php\/wp-json\/wp\/v2\/categories?post=7874"},{"taxonomy":"post_tag","embeddable":true,"href":"https:\/\/www.regioncuatronoticias.com\/index.php\/wp-json\/wp\/v2\/tags?post=7874"}],"curies":[{"name":"wp","href":"https:\/\/api.w.org\/{rel}","templated":true}]}}