{"id":7862,"date":"2024-04-02T09:14:02","date_gmt":"2024-04-02T16:14:02","guid":{"rendered":"https:\/\/www.regioncuatronoticias.com\/?p=7862"},"modified":"2024-04-02T09:14:04","modified_gmt":"2024-04-02T16:14:04","slug":"es-un-dia-triste-dice-amlo-sobre-asesinato-de-candidata-de-morena","status":"publish","type":"post","link":"https:\/\/www.regioncuatronoticias.com\/index.php\/2024\/04\/02\/es-un-dia-triste-dice-amlo-sobre-asesinato-de-candidata-de-morena\/","title":{"rendered":"\u201cEs un d\u00eda triste\u201d, dice AMLO sobre asesinato de candidata de Morena"},"content":{"rendered":"\n<p><em>Ciudad de M\u00e9xico.&nbsp;<\/em>\u201cEs un d\u00eda triste\u201d, asever\u00f3 el presidente Andr\u00e9s Manuel L\u00f3pez Obrador al lamentar el asesinato ayer de la candidata de Morena a la alcald\u00eda de Celaya, Guanajuato, Bertha Gisela Gayt\u00e1n Guti\u00e9rrez.<\/p>\n\n\n\n<p>Al abrir la ma\u00f1anera de este martes, el mandatario federal se refiri\u00f3 al homicidio de la abanderada morenita a uno de los municipios m\u00e1s violentos del pa\u00eds, y remarc\u00f3 que es lamentable debido a que se trata de una persona que luchaba para hacer valer la democracia.<\/p>\n\n\n\n<p>\u201cEs un d\u00eda triste porque ayer asesinaron a la candidata a presidenta municipal de Celaya, Guanajuato, Bertha Gisela Gayt\u00e1n. Y estos hechos son muy lamentables porque es gente que est\u00e1 luchando para hacer valer la democracia, est\u00e1 en la calle dando la cara, luchando por otros. Y duele mucho que esto suceda en nuestro pa\u00eds y en cualquier parte\u201d.<\/p>\n\n\n\n<p>El jefe del Ejecutivo envi\u00f3 \u201cun abrazo muy afectuoso, solidario, mi p\u00e9same a los familiares de Bertha Gisela, a todos sus amigos, compa\u00f1eras, compa\u00f1eros\u201d.<\/p>\n\n\n\n<p>Gayt\u00e1n Guti\u00e9rrez fue asesinada ayer a balazos, en Celaya, a plena luz del d\u00eda durante un acto proselitista en la comunidad de San Miguel Octopan; adem\u00e1s que tres personas resultaron heridas.<\/p>\n","protected":false},"excerpt":{"rendered":"<p>Ciudad de M\u00e9xico.&nbsp;\u201cEs un d\u00eda triste\u201d, asever\u00f3 el presidente Andr\u00e9s Manuel L\u00f3pez Obrador al lamentar el asesinato ayer de la candidata de Morena a la alcald\u00eda de Celaya, Guanajuato, Bertha Gisela Gayt\u00e1n Guti\u00e9rrez. Al abrir la ma\u00f1anera de este martes, el mandatario federal se refiri\u00f3 al homicidio de la abanderada morenita a uno de los [&hellip;]<\/p>\n","protected":false},"author":1,"featured_media":7863,"comment_status":"open","ping_status":"open","sticky":false,"template":"","format":"standard","meta":{"content-type":"","footnotes":""},"categories":[3,105],"tags":[],"class_list":{"0":"post-7862","1":"post","2":"type-post","3":"status-publish","4":"format-standard","5":"has-post-thumbnail","7":"category-mexico","8":"category-principal"},"_links":{"self":[{"href":"https:\/\/www.regioncuatronoticias.com\/index.php\/wp-json\/wp\/v2\/posts\/7862","targetHints":{"allow":["GET"]}}],"collection":[{"href":"https:\/\/www.regioncuatronoticias.com\/index.php\/wp-json\/wp\/v2\/posts"}],"about":[{"href":"https:\/\/www.regioncuatronoticias.com\/index.php\/wp-json\/wp\/v2\/types\/post"}],"author":[{"embeddable":true,"href":"https:\/\/www.regioncuatronoticias.com\/index.php\/wp-json\/wp\/v2\/users\/1"}],"replies":[{"embeddable":true,"href":"https:\/\/www.regioncuatronoticias.com\/index.php\/wp-json\/wp\/v2\/comments?post=7862"}],"version-history":[{"count":1,"href":"https:\/\/www.regioncuatronoticias.com\/index.php\/wp-json\/wp\/v2\/posts\/7862\/revisions"}],"predecessor-version":[{"id":7864,"href":"https:\/\/www.regioncuatronoticias.com\/index.php\/wp-json\/wp\/v2\/posts\/7862\/revisions\/7864"}],"wp:featuredmedia":[{"embeddable":true,"href":"https:\/\/www.regioncuatronoticias.com\/index.php\/wp-json\/wp\/v2\/media\/7863"}],"wp:attachment":[{"href":"https:\/\/www.regioncuatronoticias.com\/index.php\/wp-json\/wp\/v2\/media?parent=7862"}],"wp:term":[{"taxonomy":"category","embeddable":true,"href":"https:\/\/www.regioncuatronoticias.com\/index.php\/wp-json\/wp\/v2\/categories?post=7862"},{"taxonomy":"post_tag","embeddable":true,"href":"https:\/\/www.regioncuatronoticias.com\/index.php\/wp-json\/wp\/v2\/tags?post=7862"}],"curies":[{"name":"wp","href":"https:\/\/api.w.org\/{rel}","templated":true}]}}