{"id":7823,"date":"2024-04-01T14:41:32","date_gmt":"2024-04-01T21:41:32","guid":{"rendered":"https:\/\/www.regioncuatronoticias.com\/?p=7823"},"modified":"2024-04-01T14:41:33","modified_gmt":"2024-04-01T21:41:33","slug":"reprocha-amlo-peticion-de-magistrado-para-prohibir-su-libro-gracias","status":"publish","type":"post","link":"https:\/\/www.regioncuatronoticias.com\/index.php\/2024\/04\/01\/reprocha-amlo-peticion-de-magistrado-para-prohibir-su-libro-gracias\/","title":{"rendered":"Reprocha AMLO petici\u00f3n de magistrado para prohibir su libro &#8216;\u00a1Gracias!&#8217;"},"content":{"rendered":"\n<p>El presidente Andr\u00e9s Manuel L\u00f3pez Obrador reproch\u00f3 que un magistrado del tribunal electoral haya pedido que se revise y se proh\u00edba su m\u00e1s reciente libro&nbsp;<em>\u00a1Gracias!.<\/em>&nbsp;Equipar\u00f3 este intento con la lista de libros prohibidos que realiz\u00f3 en su momento la Santa Inquisici\u00f3n.<\/p>\n\n\n\n<p>En respuesta a esto, el mandatario federal pidi\u00f3 esperar a una posible resoluci\u00f3n y hasta presumi\u00f3 que su obra va en primer lugar de ventas.<\/p>\n\n\n\n<p>\u201c\u00bfLes presumo para que se r\u00edan? No se enojen nuestros adversarios, que los queremos mucho, porque no son enemigos, son adversarios. La verdad hasta me dan ternura. \u00a1Ternuritas! Va en primer lugar de ventas, vamos a seguir\u201d.<\/p>\n\n\n\n<p>Sin pregunta de por medio el mandatario federal habl\u00f3 sobre la queja interpuesta por la candidata del bloque opositor, X\u00f3chitl G\u00e1lvez, a quien no mencion\u00f3 por su nombre.<\/p>\n\n\n\n<p>El viernes pasado, el magistrado Reyes Rodr\u00edguez Mondrag\u00f3n propuso que el Instituto Nacional Electoral (INE) revise el \u00faltimo libro de L\u00f3pez Obrador para confirmar que no existen expresiones que violen la ley electoral. Esto despu\u00e9s que el 27 de febrero la aspirante presidencial de la oposici\u00f3n present\u00f3 ante el Instituto una queja por la obra, al considerar que al publicarla 20 d\u00edas antes de la campa\u00f1a, el jefe del Ejecutivo \u201crealizaba actos anticipados\u201d porque en \u00e9ste la desacredita como abanderada y \u201cfavorece\u201d a la candidata de la 4T, Claudia Sheinbaum.<\/p>\n\n\n\n<p>\u201cUn magistrado del tribunal est\u00e1 pidiendo que se revise mi libro y se prohiba, o sea, es la inquisici\u00f3n. Un magistrado que se apellida creo que Franco. Pero lo pidi\u00f3 alguien que no puedo mencionar aqu\u00ed porque ya no puedo hablar de ciertas personas. Vamos a esperar a ver si la Inquisici\u00f3n lo pone en libro prohibido, como era antes (\u2026) Le\u00ed que lo iban a revisar\u201d.<\/p>\n\n\n\n<p>L\u00f3pez Obrador refiri\u00f3 que el INE hab\u00eda desechado la petici\u00f3n \u2014de G\u00e1lvez\u2014, pero se acudi\u00f3 al tribunal electoral que est\u00e1 pidiendo revisar.<\/p>\n\n\n\n<p>El Presidente dijo que la determinaci\u00f3n se tomar\u00e1 el mi\u00e9rcoles de esta semana.<\/p>\n\n\n\n<p>\u201cNi modo que yo borre, o podemos hacerlo as\u00ed, que lo adquiera la gente y que no lea lo que est\u00e1 prohibido\u201d, ironiz\u00f3.<\/p>\n","protected":false},"excerpt":{"rendered":"<p>El presidente Andr\u00e9s Manuel L\u00f3pez Obrador reproch\u00f3 que un magistrado del tribunal electoral haya pedido que se revise y se proh\u00edba su m\u00e1s reciente libro&nbsp;\u00a1Gracias!.&nbsp;Equipar\u00f3 este intento con la lista de libros prohibidos que realiz\u00f3 en su momento la Santa Inquisici\u00f3n. En respuesta a esto, el mandatario federal pidi\u00f3 esperar a una posible resoluci\u00f3n y [&hellip;]<\/p>\n","protected":false},"author":1,"featured_media":7824,"comment_status":"open","ping_status":"open","sticky":false,"template":"","format":"standard","meta":{"content-type":"","footnotes":""},"categories":[3],"tags":[],"class_list":{"0":"post-7823","1":"post","2":"type-post","3":"status-publish","4":"format-standard","5":"has-post-thumbnail","7":"category-mexico"},"_links":{"self":[{"href":"https:\/\/www.regioncuatronoticias.com\/index.php\/wp-json\/wp\/v2\/posts\/7823","targetHints":{"allow":["GET"]}}],"collection":[{"href":"https:\/\/www.regioncuatronoticias.com\/index.php\/wp-json\/wp\/v2\/posts"}],"about":[{"href":"https:\/\/www.regioncuatronoticias.com\/index.php\/wp-json\/wp\/v2\/types\/post"}],"author":[{"embeddable":true,"href":"https:\/\/www.regioncuatronoticias.com\/index.php\/wp-json\/wp\/v2\/users\/1"}],"replies":[{"embeddable":true,"href":"https:\/\/www.regioncuatronoticias.com\/index.php\/wp-json\/wp\/v2\/comments?post=7823"}],"version-history":[{"count":1,"href":"https:\/\/www.regioncuatronoticias.com\/index.php\/wp-json\/wp\/v2\/posts\/7823\/revisions"}],"predecessor-version":[{"id":7825,"href":"https:\/\/www.regioncuatronoticias.com\/index.php\/wp-json\/wp\/v2\/posts\/7823\/revisions\/7825"}],"wp:featuredmedia":[{"embeddable":true,"href":"https:\/\/www.regioncuatronoticias.com\/index.php\/wp-json\/wp\/v2\/media\/7824"}],"wp:attachment":[{"href":"https:\/\/www.regioncuatronoticias.com\/index.php\/wp-json\/wp\/v2\/media?parent=7823"}],"wp:term":[{"taxonomy":"category","embeddable":true,"href":"https:\/\/www.regioncuatronoticias.com\/index.php\/wp-json\/wp\/v2\/categories?post=7823"},{"taxonomy":"post_tag","embeddable":true,"href":"https:\/\/www.regioncuatronoticias.com\/index.php\/wp-json\/wp\/v2\/tags?post=7823"}],"curies":[{"name":"wp","href":"https:\/\/api.w.org\/{rel}","templated":true}]}}