{"id":7803,"date":"2024-04-01T08:45:59","date_gmt":"2024-04-01T15:45:59","guid":{"rendered":"https:\/\/www.regioncuatronoticias.com\/?p=7803"},"modified":"2024-04-01T08:46:01","modified_gmt":"2024-04-01T15:46:01","slug":"entre-grabados-rupestres-y-mar-las-labradas-se-erige-sitio-ideal-para-ver-el-eclipse-de-sol","status":"publish","type":"post","link":"https:\/\/www.regioncuatronoticias.com\/index.php\/2024\/04\/01\/entre-grabados-rupestres-y-mar-las-labradas-se-erige-sitio-ideal-para-ver-el-eclipse-de-sol\/","title":{"rendered":"Entre grabados rupestres y mar, Las Labradas se erige sitio ideal para ver el eclipse de Sol"},"content":{"rendered":"\n<p>Mazatl\u00e1n, Sin., El sitio arqueol\u00f3gico Las Labradas, localizado en la playa, en el municipio de San Ignacio, y en el que se encuentran unos 700 grabados rupestres sobre rocas volc\u00e1nicas, abrir\u00e1 al p\u00fablico con el fin de ofrecer conferencias en torno a los eclipses durante la \u00e9poca prehisp\u00e1nica y para la observaci\u00f3n del que ocurrir\u00e1 el 8 de abril.<\/p>\n\n\n\n<p>Servando Rojo Quintero, delegado en Sinaloa del Instituto Nacional de Antropolog\u00eda e Historia (INAH), se\u00f1al\u00f3 que para las culturas antiguas Las Labradas era un sitio ceremonial de observaci\u00f3n astron\u00f3mica donde el Sol era el elemento principal, regalando atardeceres espectaculares, debido a que el sitio est\u00e1 dentro de la l\u00ednea imaginaria del tr\u00f3pico de C\u00e1ncer.<\/p>\n\n\n\n<p>En los grabados rupestres se observan flores, animales, seres humanos y figuras geom\u00e9tricas. El sitio fue declarado zona de monumentos arqueol\u00f3gicos en 2012 y despu\u00e9s patrimonio de la humanidad por la Unesco.<\/p>\n\n\n\n<p>Seg\u00fan las investigaciones que el INAH realiza desde 2009, hubo una ocupaci\u00f3n precer\u00e1mica (7000-5000 aC) anterior al comienzo de la agricultura y otra tard\u00eda en la que se han localizado vestigios de cer\u00e1mica y de una cultura sedentaria (cultura chicayota) vinculada con la tradici\u00f3n aztatl\u00e1n (750-1250).<\/p>\n\n\n\n<p>El funcionario dio a conocer que se esperan para el 8 de abril unos 5 mil visitantes al sitio arqueol\u00f3gico, ubicado en el kil\u00f3metro 52 de la carretera de cuota, entrando sobre un camino de terracer\u00eda al ejido La Chicayota y continuando hacia la playa; de Mazatl\u00e1n est\u00e1 a unos 40 minutos.<\/p>\n\n\n\n<p>Agreg\u00f3 que el INAH program\u00f3 actividades de dos d\u00edas, que comenzar\u00e1n el domingo con dos conferencias, una denominada \u00bfQu\u00e9 es un eclipse total de Sol?, dictada por la astr\u00f3noma Daniela Gallardo, del Centro de Ciencias de Sinaloa, y la segunda Los eclipses en la \u00e9poca prehisp\u00e1nica, con el arque\u00f3logo V\u00edctor Joel Santos Ram\u00edrez, del Centro INAH Sinaloa. Por la noche especialistas del Centro de Ciencias guiar\u00e1n la observaci\u00f3n de los astros.<\/p>\n\n\n\n<p>Gallardo explicar\u00e1 a los asistentes la caracter\u00edstica de la b\u00f3veda celeste, qu\u00e9 ocurre cuando hay un eclipse, el papel del Sol, la Luna y la Tierra en ese fen\u00f3meno.<\/p>\n\n\n\n<p>Rojo Quintero a\u00f1adi\u00f3 que las actividades de ese d\u00eda incluir\u00e1n un ritual en un temazcal (ba\u00f1o de vapor) y ser\u00e1n exclusivas para el grupo de campistas que se han registrado: por lo menos 150 visitantes, incluso del extranjero, as\u00ed como a representantes de algunos medios internacionales de informaci\u00f3n, que han mostrado inter\u00e9s por pernoctar en las playas.<\/p>\n\n\n\n<p>Dio a conocer que el domingo la entrada es gratuita al lugar, que cuenta adem\u00e1s con un museo y el lunes hay un costo para ingresar a la zona arqueol\u00f3gica. A\u00f1adi\u00f3 que 30 elementos del INAH vigilar\u00e1n el \u00e1rea de petrograbados.<\/p>\n\n\n\n<p>Precis\u00f3 que para el lunes, a las 9 horas se dar\u00e1 bienvenida a los asistentes. Tambi\u00e9n se har\u00e1n recomendaciones sobre c\u00f3mo observar el eclipse, es decir, no mirar de forma directa al Sol o hacerlo con lentes especiales, adem\u00e1s de hidratarse y usar protector solar desde la fase inicial del fen\u00f3meno, programada a las 9:52:13 horas; la total ser\u00e1 de las 11:08:19 a 11:12:46.<\/p>\n\n\n\n<p>Expuso que desde el a\u00f1o pasado las familias de la comunidad La Chicayota edificaron ramadas, pues cuentan con permiso para vender alimentos en la zona arqueol\u00f3gica, que incluyen una comida prehisp\u00e1nica llamada bayusaproveniente del agave, pues se busca que los pobladores se beneficien y participen en el cuidado de la zona.<\/p>\n\n\n\n<p>Detall\u00f3 que el INAH trabaja de forma coordinada con el ayuntamiento de San Ignacio, el Instituto Sinaloense de Cultura, la Secretaria de Turismo, Protecci\u00f3n Civil, Guardia Nacional, Polic\u00eda Judicial, Bomberos y Cruz Roja, con el fin de prestar auxilio en caso de que sea necesario.<\/p>\n","protected":false},"excerpt":{"rendered":"<p>Mazatl\u00e1n, Sin., El sitio arqueol\u00f3gico Las Labradas, localizado en la playa, en el municipio de San Ignacio, y en el que se encuentran unos 700 grabados rupestres sobre rocas volc\u00e1nicas, abrir\u00e1 al p\u00fablico con el fin de ofrecer conferencias en torno a los eclipses durante la \u00e9poca prehisp\u00e1nica y para la observaci\u00f3n del que ocurrir\u00e1 [&hellip;]<\/p>\n","protected":false},"author":1,"featured_media":7804,"comment_status":"open","ping_status":"open","sticky":false,"template":"","format":"standard","meta":{"content-type":"","footnotes":""},"categories":[10],"tags":[],"class_list":{"0":"post-7803","1":"post","2":"type-post","3":"status-publish","4":"format-standard","5":"has-post-thumbnail","7":"category-ciencia"},"_links":{"self":[{"href":"https:\/\/www.regioncuatronoticias.com\/index.php\/wp-json\/wp\/v2\/posts\/7803","targetHints":{"allow":["GET"]}}],"collection":[{"href":"https:\/\/www.regioncuatronoticias.com\/index.php\/wp-json\/wp\/v2\/posts"}],"about":[{"href":"https:\/\/www.regioncuatronoticias.com\/index.php\/wp-json\/wp\/v2\/types\/post"}],"author":[{"embeddable":true,"href":"https:\/\/www.regioncuatronoticias.com\/index.php\/wp-json\/wp\/v2\/users\/1"}],"replies":[{"embeddable":true,"href":"https:\/\/www.regioncuatronoticias.com\/index.php\/wp-json\/wp\/v2\/comments?post=7803"}],"version-history":[{"count":1,"href":"https:\/\/www.regioncuatronoticias.com\/index.php\/wp-json\/wp\/v2\/posts\/7803\/revisions"}],"predecessor-version":[{"id":7805,"href":"https:\/\/www.regioncuatronoticias.com\/index.php\/wp-json\/wp\/v2\/posts\/7803\/revisions\/7805"}],"wp:featuredmedia":[{"embeddable":true,"href":"https:\/\/www.regioncuatronoticias.com\/index.php\/wp-json\/wp\/v2\/media\/7804"}],"wp:attachment":[{"href":"https:\/\/www.regioncuatronoticias.com\/index.php\/wp-json\/wp\/v2\/media?parent=7803"}],"wp:term":[{"taxonomy":"category","embeddable":true,"href":"https:\/\/www.regioncuatronoticias.com\/index.php\/wp-json\/wp\/v2\/categories?post=7803"},{"taxonomy":"post_tag","embeddable":true,"href":"https:\/\/www.regioncuatronoticias.com\/index.php\/wp-json\/wp\/v2\/tags?post=7803"}],"curies":[{"name":"wp","href":"https:\/\/api.w.org\/{rel}","templated":true}]}}