{"id":7794,"date":"2024-04-01T08:41:52","date_gmt":"2024-04-01T15:41:52","guid":{"rendered":"https:\/\/www.regioncuatronoticias.com\/?p=7794"},"modified":"2024-04-01T08:41:54","modified_gmt":"2024-04-01T15:41:54","slug":"donara-el-pais-vasco-a-mexico-una-tonelada-de-instrumentos-musicales","status":"publish","type":"post","link":"https:\/\/www.regioncuatronoticias.com\/index.php\/2024\/04\/01\/donara-el-pais-vasco-a-mexico-una-tonelada-de-instrumentos-musicales\/","title":{"rendered":"Donar\u00e1 el Pa\u00eds Vasco a M\u00e9xico una tonelada de instrumentos musicales"},"content":{"rendered":"\n<p>A 85 a\u00f1os de la llegada del buque Sinaia a M\u00e9xico, en el que viajaron los primeros mil 600 refugiados, a ra\u00edz de la guerra civil espa\u00f1ola, otro barco trasladar\u00e1 en abril desde el puerto de Bilbao, Espa\u00f1a, m\u00e1s de una tonelada de instrumentos musicales, que ser\u00e1n entregados de forma gratuita a ni\u00f1os y adolescentes de escasos recursos.<\/p>\n\n\n\n<p>En memoria de la gesta que encabez\u00f3 el ex presidente L\u00e1zaro C\u00e1rdenas del R\u00edo, al recibir a cerca de 25 mil de refugiados espa\u00f1oles, el puerto de Veracruz ser\u00e1 tambi\u00e9n escenario, el 7 de junio, de la llegada y entrega simb\u00f3lica de los instrumentos que por m\u00e1s de un a\u00f1o fueron recolectados, a trav\u00e9s de donaciones, por M\u00fasicos sin Fronteras, organizaci\u00f3n no gubernamental con sede en el Pa\u00eds Vasco.<\/p>\n\n\n\n<p>Figuras claves de esta propuesta, Jes\u00fas Mar\u00eda Pinttu Alegr\u00eda Urtiaga, presidente y fundador del colectivo; Juan Carlos Villamor y Juanjo Bord\u00e9s, tenor espa\u00f1ol e int\u00e9rprete de m\u00fasica ranchera, integrantes tambi\u00e9n de M\u00fasicos sin Fronteras, contaron con el apoyo de Rafael Jorge Negrete, cantante y nieto de Jorge Negrete, y de Ricardo Guti\u00e9rrez Garc\u00eda, director del Instituto de M\u00fasica y Tradici\u00f3n Garc\u00eda Blanco y de su orquesta t\u00edpica, para impulsar el proyecto con el lema: Mejor un viol\u00edn que un fusil.<\/p>\n\n\n\n<p>El objetivo, afirma Guti\u00e9rrez Garc\u00eda, es permitir que ni\u00f1os y adolescentes, principalmente del municipio de Tlapa, Guerrero, con el mayor nivel de pobreza en el pa\u00eds; as\u00ed como de colonias perif\u00e9ricas en el puerto de Acapulco y de comunidades como Pinal de Amoles, en la sierra queretana, tengan acceso gratuito a instrumentos musicales como guitarras, violines, violas, chelos, percusiones, alientos de metal, madera y acordeones, entre otros.<\/p>\n\n\n\n<p>No se trata de ir a regalar por regalar. Queremos que aprendan a tocar un instrumento, porque creemos que as\u00ed como la llegada de los refugiados espa\u00f1oles hace m\u00e1s de 80 a\u00f1os gener\u00f3 un tejido de amor, los ni\u00f1os que reciban estos instrumentos seguir\u00e1n tejiendo esa historia que nos ha unido por casi un siglo, enfatiza.<\/p>\n\n\n\n<p>En entrevista con La Jornada, Pinttu Alegr\u00eda narra que \u201ccuando vino Juanjo a proponer el proyecto, pues dije claro que s\u00ed. Palabra de vasco que vamos a vaciar el banco de instrumentos que tenemos para ir a M\u00e9xico, porque queremos agradecer mucho el asilo, el albergue que dieron a los refugiados espa\u00f1oles y a muchos vascos. Estamos muy contentos de que hayan ayudado econ\u00f3mica y culturalmente a M\u00e9xico.<\/p>\n\n\n\n<p>Es un homenaje, pero tambi\u00e9n es memoria hist\u00f3rica, y es el reconocimiento a M\u00e9xico como pa\u00eds solidario y de acogida, asegura Pinttu.<\/p>\n\n\n\n<p>En el Sinaia, que toc\u00f3 tierra en el heroico puerto de Veracruz el 13 de junio de 1939, no s\u00f3lo viajaban obreros y campesinos, tambi\u00e9n intelectuales, cient\u00edficos y creadores. Entre ellos, Tom\u00e1s Segovia, Ram\u00f3n Xirau, Jos\u00e9 Gaos, Eduardo Nicol, Adolfo S\u00e1nchez V\u00e1zquez, el fot\u00f3grafo Julio Mayo y Pedro Garfias, quienes contribuyeron al avance de las ciencias y las artes en M\u00e9xico.<\/p>\n\n\n\n<p>En homenaje a quienes hicieron posible ese lazo de solidaridad, M\u00fasicos sin Fronteras prepara diversos conciertos en nuestro pa\u00eds y una ceremonia que se prev\u00e9 realizar en el puerto veracruzano en junio pr\u00f3ximo, con la posible asistencia del ingeniero Cuauht\u00e9moc C\u00e1rdenas Sol\u00f3rzano, hijo del general L\u00e1zaro C\u00e1rdenas, y de representantes del gobierno del Pa\u00eds Vasco.<\/p>\n\n\n\n<p>Tenemos la promesa de que asistir\u00e1, porque es un reconocimiento a la obra de su padre y a todos los refugiados espa\u00f1oles, indica Ricardo Guti\u00e9rrez, quien impulsa la orquesta infantil y juvenil t\u00edpica, una de las pocas que a\u00fan existen en nuestro pa\u00eds.<\/p>\n\n\n\n<p>Juanjo Bord\u00e9s, quien desde ni\u00f1o, confiesa, le gust\u00f3 la m\u00fasica ranchera y hoy es uno de sus mayores interpretes en el Pa\u00eds Vasco y Navarra, se\u00f1ala que el proyecto nace de pensar, junto con Rafa Negrete, sobre cu\u00e1ntos refugiados espa\u00f1oles fueron a M\u00e9xico y se les ayud\u00f3. Y ahora nosotros podemos poner nuestro granito de arena.<\/p>\n\n\n\n<p>Como se ha dicho, no es llevar un contenedor de instrumentos y dejarlo; no, lo que queremos es que con el apoyo de personas como Ricardo (Guti\u00e9rrez), este proyectos se haga m\u00e1s grande. Que muchas m\u00e1s personas aprendan m\u00fasica, y que este esfuerzo contin\u00fae.<\/p>\n\n\n\n<p>Juan Carlos Villamor, codirector de M\u00fasico sin Fronteras, destaca que se logr\u00f3 la recolecci\u00f3n de muchos instrumentos con el apoyo de donaciones, de grupos musicales y de empresas fabricantes que \u201clos han donado nuevos, sin estrenar, sin salir de la caja, y esto, porque saben que van para personas necesitadas en M\u00e9xico, y van con mucha emoci\u00f3n, porque son instrumentos de personas que han estudiado con \u00e9l, y ahora han dicho: \u2018que lo tenga un ni\u00f1o mexicano\u2019\u201d.<\/p>\n\n\n\n<p>Subraya que M\u00fasicos sin Fronteras lleva 25 a\u00f1os defendiendo los derechos humanos a trav\u00e9s de la m\u00fasica, y su apoyo no s\u00f3lo ha llegado a M\u00e9xico, en Guatemala ayudan desde hace 12 a\u00f1os a la cooperativa El Recuerdo, en el que participan m\u00e1s de 6 mil mujeres que han recibido respaldo para alfabetizarse y capacitaci\u00f3n para el trabajo. En el caso de las mujeres, agrega, se ha buscado fortalecer su autonom\u00eda, el control de sus ingresos y su participaci\u00f3n en las decisiones pol\u00edticas de sus comunidades.<\/p>\n\n\n\n<p>Ademas de El Recuerdo, M\u00fasicos sin Fronteras participa en Cabo Verde, \u00c1frica, en la creaci\u00f3n de la Orquesta de la Libertad, as\u00ed como en diversos proyectos en Medio Oriente, Marruecos y Ucrania.<\/p>\n","protected":false},"excerpt":{"rendered":"<p>A 85 a\u00f1os de la llegada del buque Sinaia a M\u00e9xico, en el que viajaron los primeros mil 600 refugiados, a ra\u00edz de la guerra civil espa\u00f1ola, otro barco trasladar\u00e1 en abril desde el puerto de Bilbao, Espa\u00f1a, m\u00e1s de una tonelada de instrumentos musicales, que ser\u00e1n entregados de forma gratuita a ni\u00f1os y adolescentes [&hellip;]<\/p>\n","protected":false},"author":1,"featured_media":7795,"comment_status":"open","ping_status":"open","sticky":false,"template":"","format":"standard","meta":{"content-type":"","footnotes":""},"categories":[112],"tags":[],"class_list":{"0":"post-7794","1":"post","2":"type-post","3":"status-publish","4":"format-standard","5":"has-post-thumbnail","7":"category-cultura"},"_links":{"self":[{"href":"https:\/\/www.regioncuatronoticias.com\/index.php\/wp-json\/wp\/v2\/posts\/7794","targetHints":{"allow":["GET"]}}],"collection":[{"href":"https:\/\/www.regioncuatronoticias.com\/index.php\/wp-json\/wp\/v2\/posts"}],"about":[{"href":"https:\/\/www.regioncuatronoticias.com\/index.php\/wp-json\/wp\/v2\/types\/post"}],"author":[{"embeddable":true,"href":"https:\/\/www.regioncuatronoticias.com\/index.php\/wp-json\/wp\/v2\/users\/1"}],"replies":[{"embeddable":true,"href":"https:\/\/www.regioncuatronoticias.com\/index.php\/wp-json\/wp\/v2\/comments?post=7794"}],"version-history":[{"count":1,"href":"https:\/\/www.regioncuatronoticias.com\/index.php\/wp-json\/wp\/v2\/posts\/7794\/revisions"}],"predecessor-version":[{"id":7796,"href":"https:\/\/www.regioncuatronoticias.com\/index.php\/wp-json\/wp\/v2\/posts\/7794\/revisions\/7796"}],"wp:featuredmedia":[{"embeddable":true,"href":"https:\/\/www.regioncuatronoticias.com\/index.php\/wp-json\/wp\/v2\/media\/7795"}],"wp:attachment":[{"href":"https:\/\/www.regioncuatronoticias.com\/index.php\/wp-json\/wp\/v2\/media?parent=7794"}],"wp:term":[{"taxonomy":"category","embeddable":true,"href":"https:\/\/www.regioncuatronoticias.com\/index.php\/wp-json\/wp\/v2\/categories?post=7794"},{"taxonomy":"post_tag","embeddable":true,"href":"https:\/\/www.regioncuatronoticias.com\/index.php\/wp-json\/wp\/v2\/tags?post=7794"}],"curies":[{"name":"wp","href":"https:\/\/api.w.org\/{rel}","templated":true}]}}