{"id":7785,"date":"2024-04-01T08:39:04","date_gmt":"2024-04-01T15:39:04","guid":{"rendered":"https:\/\/www.regioncuatronoticias.com\/?p=7785"},"modified":"2024-04-01T08:39:05","modified_gmt":"2024-04-01T15:39:05","slug":"bombardea-israel-hospital-al-aqsa-de-gaza-con-grupo-de-la-oms-en-el-interior","status":"publish","type":"post","link":"https:\/\/www.regioncuatronoticias.com\/index.php\/2024\/04\/01\/bombardea-israel-hospital-al-aqsa-de-gaza-con-grupo-de-la-oms-en-el-interior\/","title":{"rendered":"Bombardea Israel hospital Al Aqsa de Gaza con grupo de la OMS en el interior"},"content":{"rendered":"\n<p>Madrid. Un bombardeo israel\u00ed en el hospital de Al Aqsa en el centro de Gaza dej\u00f3 cuatro muertos y 17 heridos, afirm\u00f3 ayer el director de la Organizaci\u00f3n Mundial de la Salud (OMS), Tedros Adhanom Ghebreyesus, quien precis\u00f3 que un equipo de la OMS realizaba una misi\u00f3n humanitaria en el centro m\u00e9dico al momento del ataque.<\/p>\n\n\n\n<p>Un campamento dentro del hospital fue alcanzado hoy (ayer) por un bombardeo israel\u00ed. Cuatro personas murieron y 17 resultaron heridas, indic\u00f3 el director de la OMS en su cuenta de X. El personal de la organizaci\u00f3n est\u00e1 a salvo.<\/p>\n\n\n\n<p>Volvi\u00f3 a pedir protecci\u00f3n para los pacientes, el personal sanitario y las misiones humanitarias. Hay que poner fin a los continuos ataques y a la militarizaci\u00f3n de los nosocomios por respeto al derecho internacional humanitario.<\/p>\n\n\n\n<p>En un segundo mensaje, indic\u00f3 que recientemente 21 pacientes murieron en el hospital Al Shifa, que era el centro m\u00e9dico m\u00e1s grande de Gaza antes de la guerra, y que actualmente tiene solo una botella de agua por cada 15 personas.<\/p>\n\n\n\n<p>El Ministerio de Salud de la franja de Gaza anunci\u00f3 que su balance diario y el acumulado es de 32 mil 782 muertos, 77 de ellos perecieron en las recientes 24 horas, adem\u00e1s de 75 mil 298 heridos desde el inicio de la guerra.<\/p>\n\n\n\n<p>La polic\u00eda israel\u00ed mat\u00f3 a un beduino \u00e1rabe y ciudadano israel\u00ed, quien hiri\u00f3 a un soldado y a un civil en un ataque con cuchillo en una estaci\u00f3n de autobuses en el sur del pa\u00eds, indic\u00f3 la prensa local.<\/p>\n\n\n\n<p>El terrorista que perpetr\u00f3 el ataque con arma blanca fue neutralizado en el lugar, explicaron fuerzas policiales, al detallar que el sujeto pertenec\u00eda a una tribu del N\u00e9guev, regi\u00f3n des\u00e9rtica cuya ciudad m\u00e1s importante es Beersheva.<\/p>\n\n\n\n<p>Tenemos su identidad y hacemos todo lo posible para entender sus motivaciones. Ten\u00eda una larga lista de antecedentes penales y deb\u00eda empezar a efectuar trabajos para su comunidad en unas dos semanas, tras una condena por infracciones de drogas y robos, expuso el cuerpo policial, que detall\u00f3 que se abri\u00f3 una investigaci\u00f3n y se detuvo a cinco personas en el domicilio del atacante, en Rahat.<\/p>\n\n\n\n<p>En un comunicado, el grupo Hamas celebr\u00f3 el apu\u00f1alamiento en el sur de Israel que dej\u00f3 a un adolescente y dos j\u00f3venes hospitalizados en estado grave, sin asumir expl\u00edcitamente la responsabilidad del embate, public\u00f3 The Times of Israel.<\/p>\n\n\n\n<p>El ministro de Defensa de Israel, Yoav Gallant, asegur\u00f3 que los altos cargos de Hamas recientemente apresados reconocieron en los interrogatorios que el grupo se est\u00e1 hundiendo desde dentro.<\/p>\n\n\n\n<p>En dos semanas, cientos de terroristas han sido capturados y lo que dicen es que el grupo armado se est\u00e1 hundiendo desde dentro. El precio que est\u00e1n pagando es muy alto, afirm\u00f3 desde el cuartel de la 98 Divisi\u00f3n.<\/p>\n\n\n\n<p>En este contexto, Hamas a\u00fan no decide si viajar\u00e1 a El Cairo, Egipto, una delegaci\u00f3n a las negociaciones para una tregua. Israel ya envi\u00f3 a sus representantes.<\/p>\n","protected":false},"excerpt":{"rendered":"<p>Madrid. Un bombardeo israel\u00ed en el hospital de Al Aqsa en el centro de Gaza dej\u00f3 cuatro muertos y 17 heridos, afirm\u00f3 ayer el director de la Organizaci\u00f3n Mundial de la Salud (OMS), Tedros Adhanom Ghebreyesus, quien precis\u00f3 que un equipo de la OMS realizaba una misi\u00f3n humanitaria en el centro m\u00e9dico al momento del [&hellip;]<\/p>\n","protected":false},"author":1,"featured_media":7786,"comment_status":"open","ping_status":"open","sticky":false,"template":"","format":"standard","meta":{"content-type":"","footnotes":""},"categories":[7],"tags":[],"class_list":{"0":"post-7785","1":"post","2":"type-post","3":"status-publish","4":"format-standard","5":"has-post-thumbnail","7":"category-internacional"},"_links":{"self":[{"href":"https:\/\/www.regioncuatronoticias.com\/index.php\/wp-json\/wp\/v2\/posts\/7785","targetHints":{"allow":["GET"]}}],"collection":[{"href":"https:\/\/www.regioncuatronoticias.com\/index.php\/wp-json\/wp\/v2\/posts"}],"about":[{"href":"https:\/\/www.regioncuatronoticias.com\/index.php\/wp-json\/wp\/v2\/types\/post"}],"author":[{"embeddable":true,"href":"https:\/\/www.regioncuatronoticias.com\/index.php\/wp-json\/wp\/v2\/users\/1"}],"replies":[{"embeddable":true,"href":"https:\/\/www.regioncuatronoticias.com\/index.php\/wp-json\/wp\/v2\/comments?post=7785"}],"version-history":[{"count":1,"href":"https:\/\/www.regioncuatronoticias.com\/index.php\/wp-json\/wp\/v2\/posts\/7785\/revisions"}],"predecessor-version":[{"id":7787,"href":"https:\/\/www.regioncuatronoticias.com\/index.php\/wp-json\/wp\/v2\/posts\/7785\/revisions\/7787"}],"wp:featuredmedia":[{"embeddable":true,"href":"https:\/\/www.regioncuatronoticias.com\/index.php\/wp-json\/wp\/v2\/media\/7786"}],"wp:attachment":[{"href":"https:\/\/www.regioncuatronoticias.com\/index.php\/wp-json\/wp\/v2\/media?parent=7785"}],"wp:term":[{"taxonomy":"category","embeddable":true,"href":"https:\/\/www.regioncuatronoticias.com\/index.php\/wp-json\/wp\/v2\/categories?post=7785"},{"taxonomy":"post_tag","embeddable":true,"href":"https:\/\/www.regioncuatronoticias.com\/index.php\/wp-json\/wp\/v2\/tags?post=7785"}],"curies":[{"name":"wp","href":"https:\/\/api.w.org\/{rel}","templated":true}]}}