{"id":7764,"date":"2024-04-01T08:32:12","date_gmt":"2024-04-01T15:32:12","guid":{"rendered":"https:\/\/www.regioncuatronoticias.com\/?p=7764"},"modified":"2024-04-01T08:32:15","modified_gmt":"2024-04-01T15:32:15","slug":"sheinbaum-la-oposicion-usa-el-logo-del-ine-por-desesperacion","status":"publish","type":"post","link":"https:\/\/www.regioncuatronoticias.com\/index.php\/2024\/04\/01\/sheinbaum-la-oposicion-usa-el-logo-del-ine-por-desesperacion\/","title":{"rendered":"Sheinbaum: la oposici\u00f3n usa el logo del INE por desesperaci\u00f3n"},"content":{"rendered":"\n<p>Iz\u00facar de Matamoros, Pue. La oposici\u00f3n est\u00e1 tan desesperada que usa ilegalmente el logotipo del INE, cuando aseguraba defender a ese \u00f3rgano electoral, afirm\u00f3 Claudia Sheinbaum, candidata presidencial de la coalici\u00f3n Sigamos Haciendo Historia, en referencia al uso que le dio su oponente, X\u00f3chitl G\u00e1lvez, para decir que los programas sociales no pertenecen a ning\u00fan partido, cuando \u2013fustig\u00f3\u2013 no los defienden por convicci\u00f3n. M\u00e1s tarde, advirti\u00f3 que para acabar con la inseguridad en Morelos se tiene que ir el fiscal Uriel Carmona.<\/p>\n\n\n\n<p>\u00a1Fuera, fuera, fuera!, se escuch\u00f3 en apoyo a esa idea en la Plaza de Armas de Cuernavaca, que estuvo pr\u00e1cticamente llena, en el comienzo de campa\u00f1a de Margarita Gonz\u00e1lez Saravia al gobierno del estado, a diferencia de la Plaza de la Constituci\u00f3n en Iz\u00facar de Matamoros, donde la candidata presidencial tambi\u00e9n acompa\u00f1\u00f3 al abanderado a gobernador de Puebla, Alejandro Armenta, en el inicio de sus actividades proselitistas.<\/p>\n\n\n\n<p>Ah\u00ed fue evidente la molestia del coordinador de los diputados federales, Ignacio Mier, por no llevar la candidatura. Un asistente de los organizadores tuvo que ir por \u00e9l para subirlo al templete, despu\u00e9s de que en varias ocasiones fue voceado su nombre para que ocupara all\u00ed un lugar, al percatarse de su presencia.<\/p>\n\n\n\n<p>Durante el mitin, Mier se neg\u00f3 adem\u00e1s a corear la palabra gobernador, en apoyo a su primo hermano Armenta. Algunos recordaron el en\u00e9rgico extra\u00f1amiento que el 6 de marzo le hicieron las dirigencias locales de los partidos Morena, PT, PVEM y Fuerza por M\u00e9xico Puebla por su conducta, que promueve la divisi\u00f3n por supuestas imposiciones en el proceso interno para las candidaturas a diputados locales y presidencias municipales.<\/p>\n\n\n\n<p>Sheinbaum rechaz\u00f3 en entrevista posterior que en la entidad haya divisi\u00f3n. Coment\u00f3 que hay algunos reclamos.<\/p>\n\n\n\n<p>\u2013Hay militantes que mencionan que Mier no est\u00e1 haciendo campa\u00f1a, que est\u00e1 de brazos ca\u00eddos\u2026<\/p>\n\n\n\n<p>\u2013Aqu\u00ed vamos a ganar, vamos a arrasar igual \u2013respondi\u00f3.<\/p>\n\n\n\n<p>La ex jefa de Gobierno capitalino critic\u00f3 en su discurso que la oposici\u00f3n mencione que tal programa social es asistencial y luego diga que apoyan los programas sociales. Ahora est\u00e1n tan desesperados que hicieron unos cartelones, unos espectaculares que tienen la firma del INE. \u00bfNo dec\u00edan ellos que el INE no se toca? \u00bfQui\u00e9n est\u00e1 usando ahora el logotipo del INE ilegalmente?, mencion\u00f3.<\/p>\n\n\n\n<p>La gente ya no les cree, asegur\u00f3. Con nosotros es todo lo contrario, subray\u00f3.<\/p>\n\n\n\n<p>Horas despu\u00e9s, en Cuernavaca el ambiente fue m\u00e1s festivo y llam\u00f3 la atenci\u00f3n que Ulises Bravo, hermano del gobernador Cuauht\u00e9moc Blanco, no fue presentado, a pesar de estar en el templete, como l\u00edder local de Morena. Asistentes comentaron que fue para evitar abucheos como en otras ocasiones.<\/p>\n\n\n\n<p>En sus respectivos discursos, tanto Margarita Gonz\u00e1lez Saravia como Sheinbaum se pronunciaron por la salida del fiscal Carmona.<\/p>\n\n\n\n<p>La candidata presidencial llam\u00f3 a votar parejo en las elecciones del 2 de junio. En Morelos tenemos que ganar la mayor\u00eda en el Congreso local por una raz\u00f3n: se tiene que ir el fiscal, que es el responsable principal de la inseguridad en el estado.<\/p>\n\n\n\n<p>Record\u00f3 que durante su gesti\u00f3n como jefa de Gobierno de la Ciudad de M\u00e9xico, la entonces fiscal general de Justicia capitalina, Ernestina Godoy, descubri\u00f3 que Carmona hab\u00eda encubierto varios feminicidios, pero en particular uno, y decidimos hacer una denuncia formal en su contra para que haya seguridad en el estado.<\/p>\n\n\n\n<p>Para tener un nuevo fiscal, comprometido con el pueblo del estado, insisti\u00f3, se tiene que ganar la mayor\u00eda en el Congreso local.<\/p>\n\n\n\n<p>All\u00ed, Sheinbaum indic\u00f3 que en la oposici\u00f3n \u201cson tan mentirosos, no se acuerdan que hicieron una manifestaci\u00f3n diciendo: \u2018El INE no se toca\u2019 y acaban de poner unos espectaculares, falseando la firma del INE diciendo que no se van a modificar los programas sociales. Pues, \u00bfqui\u00e9n est\u00e1 tocando al INE?, \u00bfqui\u00e9n est\u00e1 violando la ley? Los \u00fanicos que garantizamos los programas sociales, por convicci\u00f3n, somos los de la Cuarta Transformaci\u00f3n\u2019\u2019.<\/p>\n","protected":false},"excerpt":{"rendered":"<p>Iz\u00facar de Matamoros, Pue. La oposici\u00f3n est\u00e1 tan desesperada que usa ilegalmente el logotipo del INE, cuando aseguraba defender a ese \u00f3rgano electoral, afirm\u00f3 Claudia Sheinbaum, candidata presidencial de la coalici\u00f3n Sigamos Haciendo Historia, en referencia al uso que le dio su oponente, X\u00f3chitl G\u00e1lvez, para decir que los programas sociales no pertenecen a ning\u00fan [&hellip;]<\/p>\n","protected":false},"author":1,"featured_media":7765,"comment_status":"open","ping_status":"open","sticky":false,"template":"","format":"standard","meta":{"content-type":"","footnotes":""},"categories":[123],"tags":[],"class_list":{"0":"post-7764","1":"post","2":"type-post","3":"status-publish","4":"format-standard","5":"has-post-thumbnail","7":"category-elecciones2024"},"_links":{"self":[{"href":"https:\/\/www.regioncuatronoticias.com\/index.php\/wp-json\/wp\/v2\/posts\/7764","targetHints":{"allow":["GET"]}}],"collection":[{"href":"https:\/\/www.regioncuatronoticias.com\/index.php\/wp-json\/wp\/v2\/posts"}],"about":[{"href":"https:\/\/www.regioncuatronoticias.com\/index.php\/wp-json\/wp\/v2\/types\/post"}],"author":[{"embeddable":true,"href":"https:\/\/www.regioncuatronoticias.com\/index.php\/wp-json\/wp\/v2\/users\/1"}],"replies":[{"embeddable":true,"href":"https:\/\/www.regioncuatronoticias.com\/index.php\/wp-json\/wp\/v2\/comments?post=7764"}],"version-history":[{"count":1,"href":"https:\/\/www.regioncuatronoticias.com\/index.php\/wp-json\/wp\/v2\/posts\/7764\/revisions"}],"predecessor-version":[{"id":7766,"href":"https:\/\/www.regioncuatronoticias.com\/index.php\/wp-json\/wp\/v2\/posts\/7764\/revisions\/7766"}],"wp:featuredmedia":[{"embeddable":true,"href":"https:\/\/www.regioncuatronoticias.com\/index.php\/wp-json\/wp\/v2\/media\/7765"}],"wp:attachment":[{"href":"https:\/\/www.regioncuatronoticias.com\/index.php\/wp-json\/wp\/v2\/media?parent=7764"}],"wp:term":[{"taxonomy":"category","embeddable":true,"href":"https:\/\/www.regioncuatronoticias.com\/index.php\/wp-json\/wp\/v2\/categories?post=7764"},{"taxonomy":"post_tag","embeddable":true,"href":"https:\/\/www.regioncuatronoticias.com\/index.php\/wp-json\/wp\/v2\/tags?post=7764"}],"curies":[{"name":"wp","href":"https:\/\/api.w.org\/{rel}","templated":true}]}}