{"id":7758,"date":"2024-04-01T08:30:19","date_gmt":"2024-04-01T15:30:19","guid":{"rendered":"https:\/\/www.regioncuatronoticias.com\/?p=7758"},"modified":"2024-04-01T08:30:21","modified_gmt":"2024-04-01T15:30:21","slug":"regresan-34-mexicanos-desde-haiti-azotada-por-la-violencia","status":"publish","type":"post","link":"https:\/\/www.regioncuatronoticias.com\/index.php\/2024\/04\/01\/regresan-34-mexicanos-desde-haiti-azotada-por-la-violencia\/","title":{"rendered":"Regresan 34 mexicanos desde Hait\u00ed, azotada por la violencia"},"content":{"rendered":"\n<p>Ciudad de M\u00e9xico. La secretaria de Relaciones Exteriores, Alicia B\u00e1rcena, inform\u00f3 que con el apoyo de la secretaria de Marina se logr\u00f3 el rescate de 34 connacionales que estaban en Hait\u00ed, ante la compleja situaci\u00f3n de inseguridad que se vive en esa naci\u00f3n.<\/p>\n\n\n\n<p>Durante la conferencia matutina, la canciller dijo que realizaron una encuesta entre la comunidad mexicana que resid\u00eda en Hait\u00ed para determinar su repatriaci\u00f3n. Con ello se logr\u00f3 sacar de la isla a 24 hombres y 10 mujeres (entre ellos a diez menores de edad).<\/p>\n\n\n\n<p>B\u00e1rcena explic\u00f3 que aun cuando actualmente hay un Consejo Presidencial de transici\u00f3n que gobierna, no hay realmente garant\u00edas de seguridad para la poblaci\u00f3n.<\/p>\n\n\n\n<p>Detall\u00f3 que un buque de la Secretaria de Marina se acerc\u00f3 a las costas haitianas y mediante un helic\u00f3ptero se logr\u00f3 ingresar a la isla y trasladarlos a la embarcaci\u00f3n. Record\u00f3 que al aeropuerto de Hait\u00ed se encuentra cerrado desde hace un mes por lo que tuvo que ser una operaci\u00f3n por mar y est\u00e1n por regresar a M\u00e9xico a trav\u00e9s del puerto Progreso, en Yucat\u00e1n.<\/p>\n","protected":false},"excerpt":{"rendered":"<p>Ciudad de M\u00e9xico. La secretaria de Relaciones Exteriores, Alicia B\u00e1rcena, inform\u00f3 que con el apoyo de la secretaria de Marina se logr\u00f3 el rescate de 34 connacionales que estaban en Hait\u00ed, ante la compleja situaci\u00f3n de inseguridad que se vive en esa naci\u00f3n. Durante la conferencia matutina, la canciller dijo que realizaron una encuesta entre [&hellip;]<\/p>\n","protected":false},"author":1,"featured_media":7759,"comment_status":"open","ping_status":"open","sticky":false,"template":"","format":"standard","meta":{"content-type":"","footnotes":""},"categories":[7],"tags":[],"class_list":{"0":"post-7758","1":"post","2":"type-post","3":"status-publish","4":"format-standard","5":"has-post-thumbnail","7":"category-internacional"},"_links":{"self":[{"href":"https:\/\/www.regioncuatronoticias.com\/index.php\/wp-json\/wp\/v2\/posts\/7758","targetHints":{"allow":["GET"]}}],"collection":[{"href":"https:\/\/www.regioncuatronoticias.com\/index.php\/wp-json\/wp\/v2\/posts"}],"about":[{"href":"https:\/\/www.regioncuatronoticias.com\/index.php\/wp-json\/wp\/v2\/types\/post"}],"author":[{"embeddable":true,"href":"https:\/\/www.regioncuatronoticias.com\/index.php\/wp-json\/wp\/v2\/users\/1"}],"replies":[{"embeddable":true,"href":"https:\/\/www.regioncuatronoticias.com\/index.php\/wp-json\/wp\/v2\/comments?post=7758"}],"version-history":[{"count":1,"href":"https:\/\/www.regioncuatronoticias.com\/index.php\/wp-json\/wp\/v2\/posts\/7758\/revisions"}],"predecessor-version":[{"id":7760,"href":"https:\/\/www.regioncuatronoticias.com\/index.php\/wp-json\/wp\/v2\/posts\/7758\/revisions\/7760"}],"wp:featuredmedia":[{"embeddable":true,"href":"https:\/\/www.regioncuatronoticias.com\/index.php\/wp-json\/wp\/v2\/media\/7759"}],"wp:attachment":[{"href":"https:\/\/www.regioncuatronoticias.com\/index.php\/wp-json\/wp\/v2\/media?parent=7758"}],"wp:term":[{"taxonomy":"category","embeddable":true,"href":"https:\/\/www.regioncuatronoticias.com\/index.php\/wp-json\/wp\/v2\/categories?post=7758"},{"taxonomy":"post_tag","embeddable":true,"href":"https:\/\/www.regioncuatronoticias.com\/index.php\/wp-json\/wp\/v2\/tags?post=7758"}],"curies":[{"name":"wp","href":"https:\/\/api.w.org\/{rel}","templated":true}]}}