{"id":7738,"date":"2024-03-28T23:41:57","date_gmt":"2024-03-29T06:41:57","guid":{"rendered":"https:\/\/www.regioncuatronoticias.com\/?p=7738"},"modified":"2024-03-28T23:44:32","modified_gmt":"2024-03-29T06:44:32","slug":"incomprensible-que-el-pueblo-argentino-tan-inteligente-haya-votado-por-milei-amlo","status":"publish","type":"post","link":"https:\/\/www.regioncuatronoticias.com\/index.php\/2024\/03\/28\/incomprensible-que-el-pueblo-argentino-tan-inteligente-haya-votado-por-milei-amlo\/","title":{"rendered":"Incomprensible, que el pueblo argentino &#8220;tan inteligente&#8221;, haya votado por Milei: AMLO"},"content":{"rendered":"\n<p>Tomado de La Jornada<\/p>\n\n\n\n<p>Redacci\u00f3n<\/p>\n\n\n\n<p>Marzo 28 de 2024<\/p>\n\n\n\n<p>Al responder a los se\u00f1alamientos de \u201cignorante\u201d que le endilg\u00f3 el mandatario de Argentina, el ultraderechista Javier Milei, el presidente Andr\u00e9s Manuel L\u00f3pez Obrador indic\u00f3 que a\u00fan no comprende la raz\u00f3n por la cual los argentinos, \u201csiendo tan inteligentes\u201d, votaron por un personaje que \u201cdesprecia al pueblo\u201d.<\/p>\n\n\n\n<p>Las marcadas diferencias entre ambos mandatarios subieron de tono con la r\u00e9plica del mexicano, quien tambi\u00e9n critic\u00f3 que el sudamericano considere que el papa Francisco es un \u201ccomunista\u201d y \u201crepresentante del Maligno en la tierra\u201d. A la par, respald\u00f3 a su amigo y hom\u00f3logo de Colombia, Gustavo Petro, contra quien tambi\u00e9n arremeti\u00f3 el argentino.<\/p>\n\n\n\n<p>A trav\u00e9s de sus redes sociales, el jefe del Ejecutivo mexicano se refiri\u00f3 a las descalificaciones que Milei hizo de su persona durante una entrevista que ofreci\u00f3 a la cadena CNN en espa\u00f1ol \u2014que se divulgar\u00e1 el pr\u00f3ximo domingo\u2014 donde afirm\u00f3: \u201cEs un halago que un ignorante como L\u00f3pez Obrador hable mal de m\u00ed, me enaltece\u201d; en tanto que a Petro lo calific\u00f3 como un \u201casesino terrorista\u201d.<\/p>\n\n\n\n<p>En su cuenta de X, el presidente mexicano revir\u00f3: \u201cMilei afirm\u00f3 que soy un \u2018ignorante\u2019 porque le llam\u00e9 &#8216;facho conservador\u2019. Est\u00e1 en lo cierto: todav\u00eda no comprendo c\u00f3mo los argentinos, siendo tan inteligentes, votaron por alguien que no est\u00e1 exacto, que desprecia al pueblo y que se atrevi\u00f3 a acusar a su paisano Francisco de ser \u2018comunista\u2019 y \u2018representante del Maligno en la tierra\u2019, cuando se trata del papa m\u00e1s cristiano y defensor de los pobres que yo haya conocido o tenido noticia\u201d.<\/p>\n\n\n\n<p>L\u00f3pez Obrador cerr\u00f3 su mensaje con una posdata de apoyo a su amigo, el presidente colombiano. \u201cPost data: abrazo a Gustavo Petro\u201d.<\/p>\n\n\n\n<figure class=\"wp-block-embed\"><div class=\"wp-block-embed__wrapper\">\nhttps:\/\/www.jornada.com.mx\/noticia\/2024\/03\/28\/politica\/incomprensible-que-el-pueblo-argentino-haya-votado-por-milei-amlo-3931\n<\/div><\/figure>\n","protected":false},"excerpt":{"rendered":"<p>Tomado de La Jornada Redacci\u00f3n Marzo 28 de 2024 Al responder a los se\u00f1alamientos de \u201cignorante\u201d que le endilg\u00f3 el mandatario de Argentina, el ultraderechista Javier Milei, el presidente Andr\u00e9s Manuel L\u00f3pez Obrador indic\u00f3 que a\u00fan no comprende la raz\u00f3n por la cual los argentinos, \u201csiendo tan inteligentes\u201d, votaron por un personaje que \u201cdesprecia al [&hellip;]<\/p>\n","protected":false},"author":1,"featured_media":7739,"comment_status":"open","ping_status":"open","sticky":false,"template":"","format":"standard","meta":{"content-type":"","footnotes":""},"categories":[7,115,105],"tags":[],"class_list":{"0":"post-7738","1":"post","2":"type-post","3":"status-publish","4":"format-standard","5":"has-post-thumbnail","7":"category-internacional","8":"category-politica","9":"category-principal"},"_links":{"self":[{"href":"https:\/\/www.regioncuatronoticias.com\/index.php\/wp-json\/wp\/v2\/posts\/7738","targetHints":{"allow":["GET"]}}],"collection":[{"href":"https:\/\/www.regioncuatronoticias.com\/index.php\/wp-json\/wp\/v2\/posts"}],"about":[{"href":"https:\/\/www.regioncuatronoticias.com\/index.php\/wp-json\/wp\/v2\/types\/post"}],"author":[{"embeddable":true,"href":"https:\/\/www.regioncuatronoticias.com\/index.php\/wp-json\/wp\/v2\/users\/1"}],"replies":[{"embeddable":true,"href":"https:\/\/www.regioncuatronoticias.com\/index.php\/wp-json\/wp\/v2\/comments?post=7738"}],"version-history":[{"count":1,"href":"https:\/\/www.regioncuatronoticias.com\/index.php\/wp-json\/wp\/v2\/posts\/7738\/revisions"}],"predecessor-version":[{"id":7740,"href":"https:\/\/www.regioncuatronoticias.com\/index.php\/wp-json\/wp\/v2\/posts\/7738\/revisions\/7740"}],"wp:featuredmedia":[{"embeddable":true,"href":"https:\/\/www.regioncuatronoticias.com\/index.php\/wp-json\/wp\/v2\/media\/7739"}],"wp:attachment":[{"href":"https:\/\/www.regioncuatronoticias.com\/index.php\/wp-json\/wp\/v2\/media?parent=7738"}],"wp:term":[{"taxonomy":"category","embeddable":true,"href":"https:\/\/www.regioncuatronoticias.com\/index.php\/wp-json\/wp\/v2\/categories?post=7738"},{"taxonomy":"post_tag","embeddable":true,"href":"https:\/\/www.regioncuatronoticias.com\/index.php\/wp-json\/wp\/v2\/tags?post=7738"}],"curies":[{"name":"wp","href":"https:\/\/api.w.org\/{rel}","templated":true}]}}