{"id":7732,"date":"2024-03-28T21:32:15","date_gmt":"2024-03-29T04:32:15","guid":{"rendered":"https:\/\/www.regioncuatronoticias.com\/?p=7732"},"modified":"2024-03-28T21:34:28","modified_gmt":"2024-03-29T04:34:28","slug":"preven-nuevo-frente-frio-y-novena-tormenta-invernal-generara-lluvias-y-caida-de-nieve-en-norte-de-sonora","status":"publish","type":"post","link":"https:\/\/www.regioncuatronoticias.com\/index.php\/2024\/03\/28\/preven-nuevo-frente-frio-y-novena-tormenta-invernal-generara-lluvias-y-caida-de-nieve-en-norte-de-sonora\/","title":{"rendered":"Prev\u00e9n nuevo frente fr\u00edo y novena tormenta invernal; generar\u00e1 lluvias y ca\u00edda de nieve en norte de Sonora"},"content":{"rendered":"\n<p>Hermosillo, Sonora.- Para este jueves 28 de marzo, una circulaci\u00f3n anticicl\u00f3nica mantendr\u00e1 cielos mayormente despejados manteniendo tardes ventosas con temperaturas cercanas a los 30\u00b0C en los valles de Sonora, con un ambiente templado en la sierra.<\/p>\n\n\n\n<p>Esto con base en la valoraci\u00f3n y an\u00e1lisis de la informaci\u00f3n meteorol\u00f3gica en general y con base en informaci\u00f3n del Servicio Meteorol\u00f3gico Nacional (SMN) y diferentes fuentes oficiales de los Estados Unidos (EEUU), la Coordinaci\u00f3n Estatal de Protecci\u00f3n Civil (CEPC).<\/p>\n\n\n\n<p>Para el domingo se espera el ingreso de un nuevo frente fr\u00edo siendo este el n\u00famero 43 de la temporada, y est\u00e1 asociado a un sistema de baja presi\u00f3n y en interacci\u00f3n con la corriente en chorro polar dar\u00eda origen a la *novena tormenta invernal de la temporada la cual se espera genere precipitaciones de ligeras a moderadas en gran parte de la entidad.<\/p>\n\n\n\n<p>As\u00ed mismo, se pronostica rachas de viento mayores a los 70 km\/h, y un descenso en las temperaturas diurnas, as\u00ed como una probabilidad baja de ca\u00edda de nieve y aguanieve en zonas monta\u00f1osas.<\/p>\n\n\n\n<p>Se espera que estas precipitaciones pudieran venir acompa\u00f1adas de actividad el\u00e9ctrica y ca\u00edda de granizo.<\/p>\n\n\n\n<p><strong>*HERMOSILLO*<\/strong> Amaneci\u00f3 con una temperatura m\u00ednima de 12\u00b0C con una humedad relativa del 50%, se espera para hoy un valor m\u00e1ximo de 32\u00b0C. Se podr\u00edan presentar vientos promedios de 10 km\/h, con rachas de 25 km\/h.<\/p>\n\n\n\n<p>Cielos soleados con *0% de probabilidad de precipitaci\u00f3n.*<\/p>\n\n\n\n<p><strong>*CIUDAD OBREG\u00d3N*<\/strong> Amaneci\u00f3 con una temperatura m\u00ednima de 11\u00b0C con una humedad relativa del 60%, se espera un valor m\u00e1ximo de 34\u00b0C.&nbsp; Se podr\u00edan presentar vientos promedios de 10 km\/h con rachas de 25 km\/h.<\/p>\n\n\n\n<p>Cielos soleados con *0% de probabilidad de precipitacion.*<\/p>\n\n\n\n<p><strong>*NOGALES*<\/strong> Amaneci\u00f3 con una temperatura m\u00ednima de 5\u00b0C con una humedad relativa del 50%, se espera un valor m\u00e1ximo de 24\u00b0C.&nbsp; Se podr\u00edan presentar vientos promedios de 10 km\/h con rachas de 25 km\/h.<\/p>\n\n\n\n<p>Cielos soleado con *0% de probabilidad de precipitaci\u00f3n.*<\/p>\n\n\n\n<p><strong>*SAN LUIS R\u00cdO COLORADO*<\/strong> Amaneci\u00f3 con una temperatura m\u00ednima de 12\u00b0C con una humedad relativa del 55%, se espera un valor m\u00e1ximo de 28\u00b0C.&nbsp; Se podr\u00edan presentar vientos promedios de 10 km\/h con rachas de 25 km\/h.<\/p>\n\n\n\n<p>Cielos soleado con *0% de probabilidad de precipitaci\u00f3n.*<\/p>\n\n\n\n<p><strong>*NAVOJOA*<\/strong> Amaneci\u00f3 con una temperatura m\u00ednima de 11\u00b0C con una humedad relativa del 65%, se espera un valor m\u00e1ximo de 35\u00b0C.&nbsp; Se podr\u00edan presentar vientos promedios de 10 km\/h con rachas de 25 km\/h.<\/p>\n\n\n\n<p>Cielos soleados con *0% de probabilidad de precipitaci\u00f3n.*<\/p>\n\n\n\n<p><strong>*AGUA PRIETA*<\/strong> Amaneci\u00f3 con una temperatura m\u00ednima de 3\u00b0C con una humedad relativa del 60%, se espera un valor m\u00e1ximo de 26\u00b0C.&nbsp; Se podr\u00edan presentar vientos promedios de 10 km\/h con rachas de 25 km\/h.<\/p>\n\n\n\n<p>Cielos mayormente soleados con *0% de probabilidad de precipitaci\u00f3n.*<\/p>\n\n\n\n<p><strong>*GUAYMAS*<\/strong> Amaneci\u00f3 con una temperatura m\u00ednima de 15\u00b0C con una humedad relativa del 50%, se espera un valor m\u00e1ximo de 30\u00b0C.&nbsp; Se podr\u00edan presentar vientos promedios de 10 km\/h con rachas de 35 km\/h.<\/p>\n\n\n\n<p>Cielos soleados con *0% de probabilidad de precipitaci\u00f3n.<\/p>\n\n\n\n<p>Con informaci\u00f3n de Proyecto Puente<\/p>\n","protected":false},"excerpt":{"rendered":"<p>Hermosillo, Sonora.- Para este jueves 28 de marzo, una circulaci\u00f3n anticicl\u00f3nica mantendr\u00e1 cielos mayormente despejados manteniendo tardes ventosas con temperaturas cercanas a los 30\u00b0C en los valles de Sonora, con un ambiente templado en la sierra. Esto con base en la valoraci\u00f3n y an\u00e1lisis de la informaci\u00f3n meteorol\u00f3gica en general y con base en informaci\u00f3n [&hellip;]<\/p>\n","protected":false},"author":1,"featured_media":7733,"comment_status":"open","ping_status":"open","sticky":false,"template":"","format":"standard","meta":{"content-type":"","footnotes":""},"categories":[117,9],"tags":[],"class_list":{"0":"post-7732","1":"post","2":"type-post","3":"status-publish","4":"format-standard","5":"has-post-thumbnail","7":"category-general","8":"category-sonora"},"_links":{"self":[{"href":"https:\/\/www.regioncuatronoticias.com\/index.php\/wp-json\/wp\/v2\/posts\/7732","targetHints":{"allow":["GET"]}}],"collection":[{"href":"https:\/\/www.regioncuatronoticias.com\/index.php\/wp-json\/wp\/v2\/posts"}],"about":[{"href":"https:\/\/www.regioncuatronoticias.com\/index.php\/wp-json\/wp\/v2\/types\/post"}],"author":[{"embeddable":true,"href":"https:\/\/www.regioncuatronoticias.com\/index.php\/wp-json\/wp\/v2\/users\/1"}],"replies":[{"embeddable":true,"href":"https:\/\/www.regioncuatronoticias.com\/index.php\/wp-json\/wp\/v2\/comments?post=7732"}],"version-history":[{"count":2,"href":"https:\/\/www.regioncuatronoticias.com\/index.php\/wp-json\/wp\/v2\/posts\/7732\/revisions"}],"predecessor-version":[{"id":7735,"href":"https:\/\/www.regioncuatronoticias.com\/index.php\/wp-json\/wp\/v2\/posts\/7732\/revisions\/7735"}],"wp:featuredmedia":[{"embeddable":true,"href":"https:\/\/www.regioncuatronoticias.com\/index.php\/wp-json\/wp\/v2\/media\/7733"}],"wp:attachment":[{"href":"https:\/\/www.regioncuatronoticias.com\/index.php\/wp-json\/wp\/v2\/media?parent=7732"}],"wp:term":[{"taxonomy":"category","embeddable":true,"href":"https:\/\/www.regioncuatronoticias.com\/index.php\/wp-json\/wp\/v2\/categories?post=7732"},{"taxonomy":"post_tag","embeddable":true,"href":"https:\/\/www.regioncuatronoticias.com\/index.php\/wp-json\/wp\/v2\/tags?post=7732"}],"curies":[{"name":"wp","href":"https:\/\/api.w.org\/{rel}","templated":true}]}}