{"id":7725,"date":"2024-03-28T21:10:31","date_gmt":"2024-03-29T04:10:31","guid":{"rendered":"https:\/\/www.regioncuatronoticias.com\/?p=7725"},"modified":"2024-03-28T21:10:33","modified_gmt":"2024-03-29T04:10:33","slug":"xochitl-pide-al-ine-campana-para-desmentir-a-morena-y-consejeros-la-acusan-por-mal-uso-de-su-logo","status":"publish","type":"post","link":"https:\/\/www.regioncuatronoticias.com\/index.php\/2024\/03\/28\/xochitl-pide-al-ine-campana-para-desmentir-a-morena-y-consejeros-la-acusan-por-mal-uso-de-su-logo\/","title":{"rendered":"X\u00f3chitl pide al INE campa\u00f1a para desmentir a Morena&#8230; y consejeros la acusan por mal uso de su logo"},"content":{"rendered":"\n<p>La consejera presidenta del INE, Guadalupe Taddei Zavala, pidi\u00f3 a X\u00f3chitl G\u00e1lvez respetar la imagen del INE<\/p>\n\n\n\n<p>Con informaci\u00f3n de El Financiero<\/p>\n\n\n\n<p>Marzo 27 de 2024<\/p>\n\n\n\n<p>X\u00f3chitl G\u00e1lvez recibi\u00f3 un rev\u00e9s del Instituto Nacional Electoral (INE) luego de que su consejera presidenta, Guadalupe Taddei Zavala, rechazara \u201cel mal uso\u201d de la imagen y logo del instituto por parte de la candidata presidencial, quien propuso una campa\u00f1a para aclarar que los programas sociales no pertenecen a ning\u00fan partido pol\u00edtico.<\/p>\n\n\n\n<p>A trav\u00e9s de un tuit, la abanderada de la coalici\u00f3n Fuerza y Coraz\u00f3n por M\u00e9xico inform\u00f3 que solicit\u00f3 \u201cde forma urgente\u201d una campa\u00f1a de difusi\u00f3n por parte del INE en televisi\u00f3n, radio, peri\u00f3dicos y plataformas digitales sobre el tema de los programas sociales, argumentando que su permanencia no debe ser condicionada con fines electorales.<\/p>\n\n\n\n<p>En un oficio dirigido a Taddei Zavala, G\u00e1lvez propuso al \u00f3rgano electoral difundir el siguiente mensaje:<\/p>\n\n\n\n<p>\u201cLos programa sociales, becas, pensiones y apoyos del gobierno NO pertenecen a ning\u00fan partido pol\u00edtico; son programas pagados con recursos de los ciudadanos y est\u00e1n en la Constituci\u00f3n. Ning\u00fan partido debe condicionar su permanencia a cambio de tu voto\u201d.<\/p>\n\n\n\n<p>Adem\u00e1s, en otra publicaci\u00f3n, hizo algunas \u201csugerencias\u201d a la autoridad electoral sobre qu\u00e9 deber\u00edan decir sus carteles y espectaculares como parte de dicha &nbsp;campa\u00f1a, entre ellos frases como: \u201cNing\u00fan partido puede quitarte los programas sociales\u201d o \u201cSi alguien te dice que puedes perder los programas sociales, den\u00fancialos\u201d.<\/p>\n\n\n\n<p>De igual forma, la candidata acus\u00f3 a Morena y a sus partidos aliados de valerse de \u201cdinero y amenazas\u201d para evitar que los ciudadanos voten por la coalici\u00f3n que encabeza. Por ello, solicit\u00f3 una reuni\u00f3n con \u201ccar\u00e1cter de urgente\u201d con las consejeras y los consejeros del INE para dar seguimiento a su petici\u00f3n. Sin embargo, la respuesta que dieron los consejeros no fue la que esperaba.<\/p>\n\n\n\n<p><strong>INE se va contra X\u00f3chitl por mal uso del logo institucional<\/strong><\/p>\n\n\n\n<p>Por la tarde, la consejera presidenta del INE confirm\u00f3 que recibi\u00f3 la petici\u00f3n de G\u00e1lvez, a quien hizo un llamado a respetar la imagen del INE. Taddei calific\u00f3 de \u201cinadmisible\u201d la confusi\u00f3n sobre el uso del logo institucional y pidi\u00f3 a la candidata quedarse solo con la solicitud que realiz\u00f3, sin la propuesta de im\u00e1genes.<\/p>\n\n\n\n<p>\u201cEso no obliga a difundir la propuesta que est\u00e1 haciendo ante el Instituto Nacional Electoral y a confundir sobre el uso de la imagen institucional de este instituto ni por una coalici\u00f3n, ni por otra coalici\u00f3n, ni por un partido pol\u00edtico en particular (&#8230;) Lo que es inadmisible es que se confunda la imagen institucional de este instituto, que debe ser el garante de la confianza, certeza, la credibilidad el pr\u00f3ximo 2 de junio\u201d, expres\u00f3 Taddei.<\/p>\n\n\n\n<p>\u201cYo le pido a la candidata X\u00f3chitl G\u00e1lvez, con quien me ha tocado platicar y creo que es de buen y pronto entendimiento, que podamos quedarnos solo con la petici\u00f3n que hizo, sin presentar la imagen de lo que est\u00e1 proponiendo como campa\u00f1a para que sea el Consejo General quien tome la decisi\u00f3n\u201d, agreg\u00f3.<\/p>\n\n\n\n<p>En tanto, la consejera Carla Humphrey solicit\u00f3 iniciar de manera inmediata un procedimiento de oficio en contra de la propaganda difundida por X\u00f3chitl G\u00e1lvez en sus redes sociales. Esto por el mal uso del emblema institucional del INE, el cual, se\u00f1al\u00f3, \u201cda\u00f1a a todas las y los mexicanos, porque nosotros claramente tenemos todo el cuidado de c\u00f3mo usamos la imagen\u201d.<\/p>\n\n\n\n<p>\u201cNosotros no estamos inmersos en la pol\u00edtica como tal ni en las candidaturas, sino en arbitrar un proceso electoral\u201d, expuso la consejera.<\/p>\n\n\n\n<p>Despu\u00e9s de los comentarios hechos por la presidenta del INE, hoy por la noche, G\u00e1lvez anunci\u00f3 que eliminar\u00e1 las im\u00e1genes \u201ccon las que respetuosamente sugerimos una campa\u00f1a oficial para aclarar que los programas sociales, las becas, las pensiones y los apoyos del gobierno van a continuar, sin importar los resultados de la elecci\u00f3n.\u201d<\/p>\n\n\n\n<figure class=\"wp-block-embed\"><div class=\"wp-block-embed__wrapper\">\nhttps:\/\/www.elfinanciero.com.mx\/elecciones-mexico-2024\/2024\/03\/27\/xochitl-pide-al-ine-campana-para-desmentir-a-morena-y-consejeros-la-acusan-por-mal-uso-de-su-logo\/\n<\/div><\/figure>\n","protected":false},"excerpt":{"rendered":"<p>La consejera presidenta del INE, Guadalupe Taddei Zavala, pidi\u00f3 a X\u00f3chitl G\u00e1lvez respetar la imagen del INE Con informaci\u00f3n de El Financiero Marzo 27 de 2024 X\u00f3chitl G\u00e1lvez recibi\u00f3 un rev\u00e9s del Instituto Nacional Electoral (INE) luego de que su consejera presidenta, Guadalupe Taddei Zavala, rechazara \u201cel mal uso\u201d de la imagen y logo del [&hellip;]<\/p>\n","protected":false},"author":1,"featured_media":7726,"comment_status":"open","ping_status":"open","sticky":false,"template":"","format":"standard","meta":{"content-type":"","footnotes":""},"categories":[123,105],"tags":[],"class_list":{"0":"post-7725","1":"post","2":"type-post","3":"status-publish","4":"format-standard","5":"has-post-thumbnail","7":"category-elecciones2024","8":"category-principal"},"_links":{"self":[{"href":"https:\/\/www.regioncuatronoticias.com\/index.php\/wp-json\/wp\/v2\/posts\/7725","targetHints":{"allow":["GET"]}}],"collection":[{"href":"https:\/\/www.regioncuatronoticias.com\/index.php\/wp-json\/wp\/v2\/posts"}],"about":[{"href":"https:\/\/www.regioncuatronoticias.com\/index.php\/wp-json\/wp\/v2\/types\/post"}],"author":[{"embeddable":true,"href":"https:\/\/www.regioncuatronoticias.com\/index.php\/wp-json\/wp\/v2\/users\/1"}],"replies":[{"embeddable":true,"href":"https:\/\/www.regioncuatronoticias.com\/index.php\/wp-json\/wp\/v2\/comments?post=7725"}],"version-history":[{"count":1,"href":"https:\/\/www.regioncuatronoticias.com\/index.php\/wp-json\/wp\/v2\/posts\/7725\/revisions"}],"predecessor-version":[{"id":7727,"href":"https:\/\/www.regioncuatronoticias.com\/index.php\/wp-json\/wp\/v2\/posts\/7725\/revisions\/7727"}],"wp:featuredmedia":[{"embeddable":true,"href":"https:\/\/www.regioncuatronoticias.com\/index.php\/wp-json\/wp\/v2\/media\/7726"}],"wp:attachment":[{"href":"https:\/\/www.regioncuatronoticias.com\/index.php\/wp-json\/wp\/v2\/media?parent=7725"}],"wp:term":[{"taxonomy":"category","embeddable":true,"href":"https:\/\/www.regioncuatronoticias.com\/index.php\/wp-json\/wp\/v2\/categories?post=7725"},{"taxonomy":"post_tag","embeddable":true,"href":"https:\/\/www.regioncuatronoticias.com\/index.php\/wp-json\/wp\/v2\/tags?post=7725"}],"curies":[{"name":"wp","href":"https:\/\/api.w.org\/{rel}","templated":true}]}}