{"id":7709,"date":"2024-03-28T00:11:19","date_gmt":"2024-03-28T07:11:19","guid":{"rendered":"https:\/\/www.regioncuatronoticias.com\/?p=7709"},"modified":"2024-03-28T00:11:20","modified_gmt":"2024-03-28T07:11:20","slug":"caen-siete-sujetos-con-arsenal-droga-y-material-belico-en-san-luis-rio-colorado","status":"publish","type":"post","link":"https:\/\/www.regioncuatronoticias.com\/index.php\/2024\/03\/28\/caen-siete-sujetos-con-arsenal-droga-y-material-belico-en-san-luis-rio-colorado\/","title":{"rendered":"Caen siete sujetos con arsenal, droga y material b\u00e9lico en San Luis R\u00edo Colorado"},"content":{"rendered":"\n<p>Redacci\u00f3n<\/p>\n\n\n\n<p>Golfo de Santa Clara, Sonora; 27 de marzo de 2024.- Durante diferentes operativos, integrantes de la Mesa Estatal de Seguridad del Estado de Sonora, realizaron la detenci\u00f3n de siete personas, el decomiso de un arsenal, droga y dos veh\u00edculos en hechos ocurridos en el municipio de San Luis R\u00edo Colorado. El primer evento se registr\u00f3 en altamar, cerca del poblado de Golfo de Santa Clara, donde elementos de la Secretar\u00eda de Marina capturaron a cinco hombres.<\/p>\n\n\n\n<p>Se trata de Jos\u00e9 Adalberto &#8216;N&#8217;, Marlon &#8216;N&#8217;, Jos\u00e9 Rams\u00e9s &#8216;N&#8217;, Jes\u00fas Manuel &#8216;N&#8217; y Kevin Dar\u00edo &#8216;N&#8217;, quienes iban a bordo de una embarcaci\u00f3n, misma donde se localiz\u00f3 droga, as\u00ed como cargadores y cartuchos para arma de fuego. Durante esas acciones qued\u00f3 asegurado un recipiente de pl\u00e1stico que conten\u00eda una libra de metanfetamina, cinco cargadores para arma de fuego, 65 cartuchos para arma de fuego calibre 9 mil\u00edmetros, dos esposas.<\/p>\n\n\n\n<p>Asimismo, fueron hallados un portafusil, un portacargador doble y un casco bal\u00edstico, un equipo de vuelo de control remoto (dron), y una embarcaci\u00f3n tipo panga. Por otra parte, elementos de la Secretar\u00eda de la Defensa Nacional (Sedena) y de la Guardia Nacional detuvieron a dos sujetos identificados como Lucio &#8216;N&#8217; y a V\u00edctor Manuel &#8216;N&#8217;, en las inmediaciones del puesto de Control Militar denominado Cucapah, ubicado en la Carretera Federal N\u00famero 2.<\/p>\n\n\n\n<p>Esto sucedi\u00f3 tras haber localizado material b\u00e9lico al interior del veh\u00edculo que remolcaban. En este hecho se incautaron tres Barret calibre .50 mil\u00edmetros, tres FN Minimi, tres fusiles, cinco ametralladoras, dos armas cortas, 137 cargadores para arma de fuego, un veh\u00edculo tipo gr\u00faa de color blanco y un veh\u00edculo tipo vagoneta, de color verde, de la marca Saturn, con placas de circulaci\u00f3n del estado de Baja California. Las personas detenidas y el material b\u00e9lico decomisado, fueron puestos a disposici\u00f3n del Ministerio P\u00fablico Federal para su investigaci\u00f3n.<\/p>\n\n\n\n<p>Cabe recordar que el pasado 20 de marzo, la Fiscal\u00eda General de Justicia del Estado de Sonora (FGJE) confirm\u00f3 que siete personas murieron tras un aparente enfrentamiento armado en Golfo de Santa Clara. Uno de los abatidos fue identificado como Samuel &#8216;N&#8217; alias &#8216;El P\u00eda&#8217;, de 28 a\u00f1os de edad, mismo que era se\u00f1alado como un l\u00edder criminal que operaba en Sonora y Baja California.<\/p>\n\n\n\n<p>Luego de que en redes sociales se viralizaran varios videos que mostraban un gran n\u00famero de camionetas ingresando al municipio de San Luis R\u00edo Colorado, las autoridades sonorenses emitieron un comunicado para informar que &#8220;continuaban las investigaciones relacionadas con los siete cuerpos sin vida localizados el pasado 19 de marzo en San Luis R\u00edo Colorado&#8221;<\/p>\n\n\n\n<figure class=\"wp-block-embed\"><div class=\"wp-block-embed__wrapper\">\nhttps:\/\/www.paralosdeapie.com.mx\/ver_noticias.php?artid=76460&#038;categoria=1\n<\/div><\/figure>\n","protected":false},"excerpt":{"rendered":"<p>Redacci\u00f3n Golfo de Santa Clara, Sonora; 27 de marzo de 2024.- Durante diferentes operativos, integrantes de la Mesa Estatal de Seguridad del Estado de Sonora, realizaron la detenci\u00f3n de siete personas, el decomiso de un arsenal, droga y dos veh\u00edculos en hechos ocurridos en el municipio de San Luis R\u00edo Colorado. El primer evento se [&hellip;]<\/p>\n","protected":false},"author":1,"featured_media":7710,"comment_status":"open","ping_status":"open","sticky":false,"template":"","format":"standard","meta":{"content-type":"","footnotes":""},"categories":[113,9],"tags":[],"class_list":{"0":"post-7709","1":"post","2":"type-post","3":"status-publish","4":"format-standard","5":"has-post-thumbnail","7":"category-seguridad","8":"category-sonora"},"_links":{"self":[{"href":"https:\/\/www.regioncuatronoticias.com\/index.php\/wp-json\/wp\/v2\/posts\/7709","targetHints":{"allow":["GET"]}}],"collection":[{"href":"https:\/\/www.regioncuatronoticias.com\/index.php\/wp-json\/wp\/v2\/posts"}],"about":[{"href":"https:\/\/www.regioncuatronoticias.com\/index.php\/wp-json\/wp\/v2\/types\/post"}],"author":[{"embeddable":true,"href":"https:\/\/www.regioncuatronoticias.com\/index.php\/wp-json\/wp\/v2\/users\/1"}],"replies":[{"embeddable":true,"href":"https:\/\/www.regioncuatronoticias.com\/index.php\/wp-json\/wp\/v2\/comments?post=7709"}],"version-history":[{"count":1,"href":"https:\/\/www.regioncuatronoticias.com\/index.php\/wp-json\/wp\/v2\/posts\/7709\/revisions"}],"predecessor-version":[{"id":7711,"href":"https:\/\/www.regioncuatronoticias.com\/index.php\/wp-json\/wp\/v2\/posts\/7709\/revisions\/7711"}],"wp:featuredmedia":[{"embeddable":true,"href":"https:\/\/www.regioncuatronoticias.com\/index.php\/wp-json\/wp\/v2\/media\/7710"}],"wp:attachment":[{"href":"https:\/\/www.regioncuatronoticias.com\/index.php\/wp-json\/wp\/v2\/media?parent=7709"}],"wp:term":[{"taxonomy":"category","embeddable":true,"href":"https:\/\/www.regioncuatronoticias.com\/index.php\/wp-json\/wp\/v2\/categories?post=7709"},{"taxonomy":"post_tag","embeddable":true,"href":"https:\/\/www.regioncuatronoticias.com\/index.php\/wp-json\/wp\/v2\/tags?post=7709"}],"curies":[{"name":"wp","href":"https:\/\/api.w.org\/{rel}","templated":true}]}}