{"id":7694,"date":"2024-03-27T10:00:26","date_gmt":"2024-03-27T17:00:26","guid":{"rendered":"https:\/\/www.regioncuatronoticias.com\/?p=7694"},"modified":"2024-03-27T10:00:28","modified_gmt":"2024-03-27T17:00:28","slug":"jorge-alvarez-maynez-acusa-a-claudia-de-hacer-un-montaje","status":"publish","type":"post","link":"https:\/\/www.regioncuatronoticias.com\/index.php\/2024\/03\/27\/jorge-alvarez-maynez-acusa-a-claudia-de-hacer-un-montaje\/","title":{"rendered":"Jorge \u00c1lvarez M\u00e1ynez acusa a Claudia de hacer un montaje"},"content":{"rendered":"\n<p>Jorge \u00c1lvarez M\u00e1ynez culp\u00f3 a Claudia Sheinbaum de crear un montaje para sus spots de campa\u00f1a con el objetivo de fingir un encuentro similar a los que el realiza por todo el pa\u00eds visitando universidades para dialogar con estudiantes.<\/p>\n\n\n\n<p>En su cuenta de X, el candidato presidencial de Movimiento Ciudadano (MC) critic\u00f3 que, mientras \u00e9l recorre el pa\u00eds para hablar de frente con los j\u00f3venes, la abanderada de Morena finge para hacerse publicidad.<\/p>\n\n\n\n<p>\u201cMientras Sheinbaum \u2018dialoga\u2019 con universitarios en montajes fabricados para sus spots, nosotros recorremos el pa\u00eds para escucharlos y hablar de frente. Hay una gran diferencia entre lo nuevo y las campa\u00f1as de la vieja pol\u00edtica. Nuestra campa\u00f1a es real, la de ella es un montaje\u201d, public\u00f3 en sus redes sociales.<\/p>\n\n\n\n<p>\u00c1lvarez M\u00e1ynez acompa\u00f1\u00f3 dicho mensaje con dos im\u00e1genes en las que compara el spot televisivo de Sheinbaum Pardo con una fotograf\u00eda del encuentro que \u00e9l sostuvo con estudiantes de la Universidad de La Salle la semana pasada.<\/p>\n\n\n\n<p>Tambi\u00e9n te puede interesar: SEP ampliar\u00e1 vacaciones de Semana Santa en dos estados por eclipse solar<br>Por otra parte, el candidato de MC afirm\u00f3 que en el debate presidencial, del pr\u00f3ximo domingo 7 de abril, no se lanzar\u00e1 en contra de Claudia Sheinbaum ni de X\u00f3chitl G\u00e1lvez, pues considera que aprovechar\u00e1 el tiempo para presentar las ideas y propuestas de su plan de Gobierno llamado \u201cEl nuevo M\u00e9xico\u201d.<\/p>\n\n\n\n<p>Tras reunirse con productores del campo en Loreto, Zacatecas, el candidato presidencial de MC declar\u00f3 a medios que est\u00e1 listo para debatir con altura.<\/p>\n\n\n\n<p>\u201cEstoy desarrollando las propuestas, los temas. He dicho que nosotros vamos a llevaremos al debate causas, ideas, agendas, propuestas de altura pol\u00edtica y estamos listos\u201d, dijo el ex l\u00edder de la bancada naranja en la C\u00e1mara de Diputados.<\/p>\n","protected":false},"excerpt":{"rendered":"<p>Jorge \u00c1lvarez M\u00e1ynez culp\u00f3 a Claudia Sheinbaum de crear un montaje para sus spots de campa\u00f1a con el objetivo de fingir un encuentro similar a los que el realiza por todo el pa\u00eds visitando universidades para dialogar con estudiantes. En su cuenta de X, el candidato presidencial de Movimiento Ciudadano (MC) critic\u00f3 que, mientras \u00e9l [&hellip;]<\/p>\n","protected":false},"author":1,"featured_media":7695,"comment_status":"open","ping_status":"open","sticky":false,"template":"","format":"standard","meta":{"content-type":"","footnotes":""},"categories":[105],"tags":[],"class_list":{"0":"post-7694","1":"post","2":"type-post","3":"status-publish","4":"format-standard","5":"has-post-thumbnail","7":"category-principal"},"_links":{"self":[{"href":"https:\/\/www.regioncuatronoticias.com\/index.php\/wp-json\/wp\/v2\/posts\/7694","targetHints":{"allow":["GET"]}}],"collection":[{"href":"https:\/\/www.regioncuatronoticias.com\/index.php\/wp-json\/wp\/v2\/posts"}],"about":[{"href":"https:\/\/www.regioncuatronoticias.com\/index.php\/wp-json\/wp\/v2\/types\/post"}],"author":[{"embeddable":true,"href":"https:\/\/www.regioncuatronoticias.com\/index.php\/wp-json\/wp\/v2\/users\/1"}],"replies":[{"embeddable":true,"href":"https:\/\/www.regioncuatronoticias.com\/index.php\/wp-json\/wp\/v2\/comments?post=7694"}],"version-history":[{"count":1,"href":"https:\/\/www.regioncuatronoticias.com\/index.php\/wp-json\/wp\/v2\/posts\/7694\/revisions"}],"predecessor-version":[{"id":7696,"href":"https:\/\/www.regioncuatronoticias.com\/index.php\/wp-json\/wp\/v2\/posts\/7694\/revisions\/7696"}],"wp:featuredmedia":[{"embeddable":true,"href":"https:\/\/www.regioncuatronoticias.com\/index.php\/wp-json\/wp\/v2\/media\/7695"}],"wp:attachment":[{"href":"https:\/\/www.regioncuatronoticias.com\/index.php\/wp-json\/wp\/v2\/media?parent=7694"}],"wp:term":[{"taxonomy":"category","embeddable":true,"href":"https:\/\/www.regioncuatronoticias.com\/index.php\/wp-json\/wp\/v2\/categories?post=7694"},{"taxonomy":"post_tag","embeddable":true,"href":"https:\/\/www.regioncuatronoticias.com\/index.php\/wp-json\/wp\/v2\/tags?post=7694"}],"curies":[{"name":"wp","href":"https:\/\/api.w.org\/{rel}","templated":true}]}}