{"id":7685,"date":"2024-03-27T09:54:02","date_gmt":"2024-03-27T16:54:02","guid":{"rendered":"https:\/\/www.regioncuatronoticias.com\/?p=7685"},"modified":"2024-03-27T09:54:07","modified_gmt":"2024-03-27T16:54:07","slug":"amlo-no-descarta-que-incendios-sean-provocados-por-inmobiliarias","status":"publish","type":"post","link":"https:\/\/www.regioncuatronoticias.com\/index.php\/2024\/03\/27\/amlo-no-descarta-que-incendios-sean-provocados-por-inmobiliarias\/","title":{"rendered":"AMLO no descarta que incendios sean provocados por inmobiliarias"},"content":{"rendered":"\n<p>El presidente Andr\u00e9s Manuel L\u00f3pez Obrador sostuvo que no descarta que algunos de los m\u00e1s de 100 incendios que actualmente azotan al pa\u00eds pudieron haber sido provocados por desarrolladores inmobiliarios.<\/p>\n\n\n\n<p>\u201cTendr\u00edamos que ver si son incendios provocados o es por la situaci\u00f3n de sequ\u00eda y quienes no tienen cuidado\u201d, declar\u00f3 este mi\u00e9rcoles durante su conferencia de prensa matutina en Palacio Nacional.<\/p>\n\n\n\n<p>Sin embargo, aclar\u00f3 que no descarta que algunos de los siniestros sean provocados por desarrolladores inmobiliarios, que buscan construir en los predios.<\/p>\n\n\n\n<p>\u201cPero tambi\u00e9n los intereses inmobiliarios est\u00e1n ah\u00ed siempre\u201d, dijo. \u201cNo lo descarto\u201d, agreg\u00f3.<\/p>\n\n\n\n<p>De acuerdo con el mandatario, hasta este mi\u00e9rcoles se registran un total de 116 incendios en distintas partes del pa\u00eds, de los cuales por lo menos 20 se reportan en el Estado de M\u00e9xico.<\/p>\n\n\n\n<p>De estos incidentes, se ha registrado cuatro v\u00edctimas mortales: un polic\u00eda, dos brigadistas y un comunero.<\/p>\n\n\n\n<p>Solo tengo un reporte de la p\u00e9rdida de la vida de un polic\u00eda que ayud\u00f3 para apagar un incendio.<\/p>\n\n\n\n<p>\u201cEnviamos a sus familiares nuestro p\u00e9same y estamos atendiendo todo\u201d, expres\u00f3.<\/p>\n\n\n\n<p>Te puede interesar &gt; M\u00e9xico enfrenta su peor momento del a\u00f1o en cuanto a incendios forestales<\/p>\n\n\n\n<p>L\u00f3pez Obrador tambi\u00e9n detall\u00f3 que las llamas en Jilotzingo se reactivaron la ma\u00f1ana de este mi\u00e9rcoles, despu\u00e9s de que los equipos de emergencia y bomberos lograran sofocarlas la tarde del martes.<\/p>\n\n\n\n<p>Ante la persistencia de estos eventos, el presidente hizo un llamado a la poblaci\u00f3n en general a tener cuidado.<\/p>\n\n\n\n<p>De acuerdo con el \u00faltimo informe de la Comisi\u00f3n Nacional Forestal (Conafor), del 01 de enero al 21 de marzo se han registrado 667 incendios forestales en 23 entidades federativas, en una superficie de 22,246.84 hect\u00e1reas.<\/p>\n\n\n\n<p>La semana pasada se presentaron 20 siniestros nuevos que afectaron a m\u00e1s de 207 hect\u00e1reas. Las entidades federativas con mayor superficie quemada fueron: Tlaxcala, Veracruz, Chiapas, Durango y Morelos, que representan el 99% del total de la semana.<\/p>\n","protected":false},"excerpt":{"rendered":"<p>El presidente Andr\u00e9s Manuel L\u00f3pez Obrador sostuvo que no descarta que algunos de los m\u00e1s de 100 incendios que actualmente azotan al pa\u00eds pudieron haber sido provocados por desarrolladores inmobiliarios. \u201cTendr\u00edamos que ver si son incendios provocados o es por la situaci\u00f3n de sequ\u00eda y quienes no tienen cuidado\u201d, declar\u00f3 este mi\u00e9rcoles durante su conferencia [&hellip;]<\/p>\n","protected":false},"author":1,"featured_media":7686,"comment_status":"open","ping_status":"open","sticky":false,"template":"","format":"standard","meta":{"content-type":"","footnotes":""},"categories":[3],"tags":[],"class_list":{"0":"post-7685","1":"post","2":"type-post","3":"status-publish","4":"format-standard","5":"has-post-thumbnail","7":"category-mexico"},"_links":{"self":[{"href":"https:\/\/www.regioncuatronoticias.com\/index.php\/wp-json\/wp\/v2\/posts\/7685","targetHints":{"allow":["GET"]}}],"collection":[{"href":"https:\/\/www.regioncuatronoticias.com\/index.php\/wp-json\/wp\/v2\/posts"}],"about":[{"href":"https:\/\/www.regioncuatronoticias.com\/index.php\/wp-json\/wp\/v2\/types\/post"}],"author":[{"embeddable":true,"href":"https:\/\/www.regioncuatronoticias.com\/index.php\/wp-json\/wp\/v2\/users\/1"}],"replies":[{"embeddable":true,"href":"https:\/\/www.regioncuatronoticias.com\/index.php\/wp-json\/wp\/v2\/comments?post=7685"}],"version-history":[{"count":1,"href":"https:\/\/www.regioncuatronoticias.com\/index.php\/wp-json\/wp\/v2\/posts\/7685\/revisions"}],"predecessor-version":[{"id":7687,"href":"https:\/\/www.regioncuatronoticias.com\/index.php\/wp-json\/wp\/v2\/posts\/7685\/revisions\/7687"}],"wp:featuredmedia":[{"embeddable":true,"href":"https:\/\/www.regioncuatronoticias.com\/index.php\/wp-json\/wp\/v2\/media\/7686"}],"wp:attachment":[{"href":"https:\/\/www.regioncuatronoticias.com\/index.php\/wp-json\/wp\/v2\/media?parent=7685"}],"wp:term":[{"taxonomy":"category","embeddable":true,"href":"https:\/\/www.regioncuatronoticias.com\/index.php\/wp-json\/wp\/v2\/categories?post=7685"},{"taxonomy":"post_tag","embeddable":true,"href":"https:\/\/www.regioncuatronoticias.com\/index.php\/wp-json\/wp\/v2\/tags?post=7685"}],"curies":[{"name":"wp","href":"https:\/\/api.w.org\/{rel}","templated":true}]}}