{"id":7649,"date":"2024-03-27T08:46:04","date_gmt":"2024-03-27T15:46:04","guid":{"rendered":"https:\/\/www.regioncuatronoticias.com\/?p=7649"},"modified":"2024-03-27T08:46:06","modified_gmt":"2024-03-27T15:46:06","slug":"en-febrero-tasa-de-desocupacion-de-2-5-la-menor-en-el-registro","status":"publish","type":"post","link":"https:\/\/www.regioncuatronoticias.com\/index.php\/2024\/03\/27\/en-febrero-tasa-de-desocupacion-de-2-5-la-menor-en-el-registro\/","title":{"rendered":"En febrero, tasa de desocupaci\u00f3n de 2.5%, la menor en el registro"},"content":{"rendered":"\n<p>Ciudad de M\u00e9xico. La ocupaci\u00f3n laboral en M\u00e9xico aument\u00f3 en febrero, apoyada por la informalidad y la creaci\u00f3n de plazas en el sector secundario, principalmente en la industria manufacturera, lo que provoc\u00f3 una tasa de desocupaci\u00f3n de 2.5 por ciento, el menor nivel desde que se tiene registro, revel\u00f3 el Instituto Nacional de Estad\u00edstica y Geograf\u00eda (Inegi).<\/p>\n\n\n\n<p>En la Encuesta Nacional de Ocupaci\u00f3n y Empleo (ENOE), que realiza el Inegi, se estim\u00f3 que la poblaci\u00f3n ocupada en el pa\u00eds ascendi\u00f3 a 59.4 millones de personas en febrero de 2024, lo que represent\u00f3 un aumento de 492 mil 132 empleos con respecto a enero pasado, pr\u00e1cticamente se explic\u00f3 por el del empleo femenino, que gan\u00f3 747 mil puestos laborales; mientras que las plazas masculinas cayeron 254 mil 881.<\/p>\n\n\n\n<p>As\u00ed, la tasa de desempleo se ubic\u00f3 en 2.5 por ciento en febrero, por debajo del 2.7 por ciento de enero y de 2.8 por ciento de febrero del a\u00f1o pasado.<\/p>\n\n\n\n<p>Los datos publicados por el Instituto Nacional de Estad\u00edstica y Geograf\u00eda (Inegi) mostraron que la poblaci\u00f3n ocupada en la informalidad laboral fue de 32.4 millones de personas en febrero, 476 mil 607 empleos m\u00e1s frente a enero del presente a\u00f1o. La ocupaci\u00f3n informal en mujeres aument\u00f3 517 mil 596 puestos.<\/p>\n\n\n\n<p>La tasa de informalidad laboral fue de 54.5 por ciento de la poblaci\u00f3n ocupada en febrero, ligeramente superior a la de enero de 54.1 por ciento y por debajo del 55.5 por ciento de febrero de 2023.<\/p>\n\n\n\n<p>Mientras tanto, se crearon en febrero s\u00f3lo 15 mil 525 plazas en el sector formal, para contabilizar un total de 27.04 millones de ocupados. Los hombres fueron los m\u00e1s afectados en febrero, ya que se perdieron 213 mil 892 empleos.<\/p>\n\n\n\n<p>La Enoe estim\u00f3 que el empleo en la industria aument\u00f3 mensual de 573 mil 730, en donde el mayor repunte se observ\u00f3 en la industria manufacturera de 631 mil 651 personas ocupadas, mayoritariamente en hombres con 346 mil. La construcci\u00f3n perdi\u00f3 140 mil 763 puestos en febrero respecto a enero pasados.<\/p>\n\n\n\n<p>En el sector terciario (comercio y servicios), la ocupaci\u00f3n subi\u00f3 325 mil 719 plazas laborales; mientras que en el primario (agricultura y ganader\u00eda) se perdieron 398 mil 194.<\/p>\n\n\n\n<p>En 12 meses<\/p>\n\n\n\n<p>En su comparaci\u00f3n anual, la poblaci\u00f3n ocupada aument\u00f3 1.1 millones m\u00e1s que en febrero de 2023. A su interior, las personas subocupadas, &#8211;las que declararon tener necesidad y disponibilidad para trabajar m\u00e1s horas&#8211;, fueron 3.8 millones (6.5 por ciento de la poblaci\u00f3n ocupada). Esto signific\u00f3 un descenso de 464 mil personas con relaci\u00f3n al mismo mes de un a\u00f1o antes.<\/p>\n\n\n\n<p>En febrero, la poblaci\u00f3n desocupada fue de 1.5 millones de personas y la tasa de desocupaci\u00f3n de 2.5 por ciento de la poblaci\u00f3n econ\u00f3micamente activa (PEA). Respecto a febrero de 2023, la poblaci\u00f3n desocupada descendi\u00f3 en 137 mil personas y la tasa fue menor en 0.3 puntos porcentuales.<\/p>\n\n\n\n<p>En el segundo mes de este a\u00f1o, a tasa mensual y con cifras desestacionalizadas, la tasa de desempleo disminuy\u00f3 0.2 puntos porcentuales. La tasa de subocupaci\u00f3n retrocedi\u00f3 0.5 puntos porcentuales en el mismo periodo.<\/p>\n","protected":false},"excerpt":{"rendered":"<p>Ciudad de M\u00e9xico. La ocupaci\u00f3n laboral en M\u00e9xico aument\u00f3 en febrero, apoyada por la informalidad y la creaci\u00f3n de plazas en el sector secundario, principalmente en la industria manufacturera, lo que provoc\u00f3 una tasa de desocupaci\u00f3n de 2.5 por ciento, el menor nivel desde que se tiene registro, revel\u00f3 el Instituto Nacional de Estad\u00edstica y [&hellip;]<\/p>\n","protected":false},"author":1,"featured_media":7650,"comment_status":"open","ping_status":"open","sticky":false,"template":"","format":"standard","meta":{"content-type":"","footnotes":""},"categories":[3],"tags":[],"class_list":{"0":"post-7649","1":"post","2":"type-post","3":"status-publish","4":"format-standard","5":"has-post-thumbnail","7":"category-mexico"},"_links":{"self":[{"href":"https:\/\/www.regioncuatronoticias.com\/index.php\/wp-json\/wp\/v2\/posts\/7649","targetHints":{"allow":["GET"]}}],"collection":[{"href":"https:\/\/www.regioncuatronoticias.com\/index.php\/wp-json\/wp\/v2\/posts"}],"about":[{"href":"https:\/\/www.regioncuatronoticias.com\/index.php\/wp-json\/wp\/v2\/types\/post"}],"author":[{"embeddable":true,"href":"https:\/\/www.regioncuatronoticias.com\/index.php\/wp-json\/wp\/v2\/users\/1"}],"replies":[{"embeddable":true,"href":"https:\/\/www.regioncuatronoticias.com\/index.php\/wp-json\/wp\/v2\/comments?post=7649"}],"version-history":[{"count":1,"href":"https:\/\/www.regioncuatronoticias.com\/index.php\/wp-json\/wp\/v2\/posts\/7649\/revisions"}],"predecessor-version":[{"id":7651,"href":"https:\/\/www.regioncuatronoticias.com\/index.php\/wp-json\/wp\/v2\/posts\/7649\/revisions\/7651"}],"wp:featuredmedia":[{"embeddable":true,"href":"https:\/\/www.regioncuatronoticias.com\/index.php\/wp-json\/wp\/v2\/media\/7650"}],"wp:attachment":[{"href":"https:\/\/www.regioncuatronoticias.com\/index.php\/wp-json\/wp\/v2\/media?parent=7649"}],"wp:term":[{"taxonomy":"category","embeddable":true,"href":"https:\/\/www.regioncuatronoticias.com\/index.php\/wp-json\/wp\/v2\/categories?post=7649"},{"taxonomy":"post_tag","embeddable":true,"href":"https:\/\/www.regioncuatronoticias.com\/index.php\/wp-json\/wp\/v2\/tags?post=7649"}],"curies":[{"name":"wp","href":"https:\/\/api.w.org\/{rel}","templated":true}]}}