{"id":7617,"date":"2024-03-26T08:49:10","date_gmt":"2024-03-26T15:49:10","guid":{"rendered":"https:\/\/www.regioncuatronoticias.com\/?p=7617"},"modified":"2024-03-26T08:49:12","modified_gmt":"2024-03-26T15:49:12","slug":"banxico-manejara-recortes-a-tasa-de-interes-con-cautela-victoria-rodriguez-ceja","status":"publish","type":"post","link":"https:\/\/www.regioncuatronoticias.com\/index.php\/2024\/03\/26\/banxico-manejara-recortes-a-tasa-de-interes-con-cautela-victoria-rodriguez-ceja\/","title":{"rendered":"Banxico manejar\u00e1 recortes a tasa de inter\u00e9s \u2018con cautela\u2019: Victoria Rodr\u00edguez Ceja"},"content":{"rendered":"\n<p>El primer recorte a la tasa de inter\u00e9s no significa que la batalla contra la inflaci\u00f3n haya concluido. Por el contrario, ante los riesgos que existen para llevar al indicador a la meta de 3 por ciento es que hacia adelante se actuar\u00e1 con cautela y paso a paso, asegur\u00f3 Victoria Rodr\u00edguez Ceja, gobernadora del organismo monetario.<\/p>\n\n\n\n<p>Tras recortar la tasa de inter\u00e9s en 25 puntos base, para dejarla en 11 por ciento despu\u00e9s de un a\u00f1o sin movimientos, la banquera central expres\u00f3 que en las pr\u00f3ximas reuniones de pol\u00edtica monetaria seguramente se discutir\u00e1n nuevas bajas, pero se valorar\u00e1n una a una con base en datos disponibles.<\/p>\n\n\n\n<p>\u201cCuando las condiciones macroecon\u00f3micas y el panorama inflacionario nos permitan realizar ajustes a la tasa de referencia adicionales al que ya tenemos, considero que ser\u00edan graduales. Tenemos un entorno a\u00fan incierto, con retos, y debemos ir paso a paso, ser cautelosos, no apresurarnos, analizando la inflaci\u00f3n y la informaci\u00f3n disponible en cada decisi\u00f3n y actuando en consecuencia\u201d, dijo en entrevista con Enrique Quintana, para El Financiero.<\/p>\n\n\n\n<p>En marzo de 2023 la Junta de Gobierno del Banco del M\u00e9xico llev\u00f3 la tasa de inter\u00e9s al m\u00e1ximo de 11.25 por ciento. Aunque se mantuvo por un a\u00f1o, en este lapso la desinflaci\u00f3n progres\u00f3 de forma muy importante, recapitul\u00f3.<\/p>\n\n\n\n<p>Lo anterior fue posible gracias a las acciones de pol\u00edtica monetaria y al desvanecimiento que se ha visto de los choques de la pandemia y de la guerra. De esta manera, subray\u00f3, la inflaci\u00f3n general y subyacente est\u00e1n por debajo de los m\u00e1ximos que alcanzaron a finales de 2022. Estos factores incidieron en su decisi\u00f3n de recortar la tasa.<\/p>\n\n\n\n<p>No obstante, \u201cla tarea de Banxico no ha concluido\u201d, ya que si bien prev\u00e9n que hacia adelante la inflaci\u00f3n general y subyacente contin\u00faen con un ritmo a la baja, persisten retos en estas previsiones. Por ello, el balance de riesgos para el indicador se encuentra sesgado al alza.<\/p>\n\n\n\n<p>En su comunicado de la decisi\u00f3n de pol\u00edtica monetaria el banco central anot\u00f3 como riesgos al alza la persistencia de la inflaci\u00f3n subyacente, depreciaci\u00f3n cambiaria, mayores presiones de costos, que la econom\u00eda muestre una resiliencia mayor a la esperada, afectaciones clim\u00e1ticas, y un escalamiento de conflictos geopol\u00edticos.<\/p>\n\n\n\n<p>En los riesgos a la baja est\u00e1n una desaceleraci\u00f3n de la econom\u00eda global mayor a la prevista, un menor traspaso de algunas presiones de costos y que los niveles m\u00e1s bajos del tipo de cambio contribuyan m\u00e1s de lo esperado a mitigar ciertas presiones inflacionarias.<\/p>\n\n\n\n<p>\u201cReducir 25 puntos base nuestra tasa de referencia de ning\u00fan modo significa que hemos dado por concluido el combate a la inflaci\u00f3n o que consideremos que el problema est\u00e1 resuelto. Efectivamente ha habido un avance importante, pero en la mayor\u00eda de las econom\u00edas avanzadas y emergentes, y nuestro pa\u00eds incluido por supuesto, a\u00fan tenemos un tramo por recorrer\u201d, enfatiz\u00f3.<\/p>\n\n\n\n<p>Compromiso con el mandato<\/p>\n\n\n\n<p>En la fase de inicio en los recortes al referencial, Rodr\u00edguez Ceja acentu\u00f3 que todos los miembros de la Junta de Gobierno est\u00e1n comprometidos con su mandato y coinciden en que es necesario continuar con los esfuerzos para consolidar el entorno de inflaci\u00f3n baja y estable.<\/p>\n\n\n\n<p>Todas las opiniones son valiosos aportes en la toma de decisiones para la pol\u00edtica monetaria, puntualiz\u00f3. Con ello, descart\u00f3 que genere alguna preocupaci\u00f3n que en la pasada reuni\u00f3n se optara por un recorte por mayor\u00eda y no en una votaci\u00f3n un\u00e1nime.<\/p>\n\n\n\n<p>\u201cEn todos los bancos centrales es normal y ocurre continuamente que haya decisiones que se tomen por mayor\u00eda\u201d, confirm\u00f3. La subgobernadora Irene Espinosa vot\u00f3 a favor de mantener la tasa en 11.25 por ciento; la gobernadora Rodr\u00edguez Ceja y los subgobernadores Galia Borja, Jonathan Heath y Omar Mej\u00eda se inclinaron por el ajuste a la baja.<\/p>\n\n\n\n<p>Precisamente en las decisiones de pol\u00edtica monetaria es que la Junta considera diversos factores, entre ellos los movimientos de la Reserva Federal; sin embargo, no se siguen mec\u00e1nicamente y se ha demostrado en el actual ciclo, enfatiz\u00f3.<\/p>\n\n\n\n<p>\u201cLa Reserva Federal mantuvo nuevamente sin cambio su tasa de referencia y nosotros optamos ya por una reducci\u00f3n. Creo que cada banco central toma sus decisiones de acuerdo a las condiciones que prevalezcan en su pa\u00eds. Entonces, en nuestro caso seguiremos pendientes de las decisiones que vaya tomando la Reserva, pero entre muchos otros factores\u201d, concluy\u00f3.<\/p>\n","protected":false},"excerpt":{"rendered":"<p>El primer recorte a la tasa de inter\u00e9s no significa que la batalla contra la inflaci\u00f3n haya concluido. Por el contrario, ante los riesgos que existen para llevar al indicador a la meta de 3 por ciento es que hacia adelante se actuar\u00e1 con cautela y paso a paso, asegur\u00f3 Victoria Rodr\u00edguez Ceja, gobernadora del [&hellip;]<\/p>\n","protected":false},"author":1,"featured_media":7618,"comment_status":"open","ping_status":"open","sticky":false,"template":"","format":"standard","meta":{"content-type":"","footnotes":""},"categories":[105],"tags":[],"class_list":{"0":"post-7617","1":"post","2":"type-post","3":"status-publish","4":"format-standard","5":"has-post-thumbnail","7":"category-principal"},"_links":{"self":[{"href":"https:\/\/www.regioncuatronoticias.com\/index.php\/wp-json\/wp\/v2\/posts\/7617","targetHints":{"allow":["GET"]}}],"collection":[{"href":"https:\/\/www.regioncuatronoticias.com\/index.php\/wp-json\/wp\/v2\/posts"}],"about":[{"href":"https:\/\/www.regioncuatronoticias.com\/index.php\/wp-json\/wp\/v2\/types\/post"}],"author":[{"embeddable":true,"href":"https:\/\/www.regioncuatronoticias.com\/index.php\/wp-json\/wp\/v2\/users\/1"}],"replies":[{"embeddable":true,"href":"https:\/\/www.regioncuatronoticias.com\/index.php\/wp-json\/wp\/v2\/comments?post=7617"}],"version-history":[{"count":1,"href":"https:\/\/www.regioncuatronoticias.com\/index.php\/wp-json\/wp\/v2\/posts\/7617\/revisions"}],"predecessor-version":[{"id":7619,"href":"https:\/\/www.regioncuatronoticias.com\/index.php\/wp-json\/wp\/v2\/posts\/7617\/revisions\/7619"}],"wp:featuredmedia":[{"embeddable":true,"href":"https:\/\/www.regioncuatronoticias.com\/index.php\/wp-json\/wp\/v2\/media\/7618"}],"wp:attachment":[{"href":"https:\/\/www.regioncuatronoticias.com\/index.php\/wp-json\/wp\/v2\/media?parent=7617"}],"wp:term":[{"taxonomy":"category","embeddable":true,"href":"https:\/\/www.regioncuatronoticias.com\/index.php\/wp-json\/wp\/v2\/categories?post=7617"},{"taxonomy":"post_tag","embeddable":true,"href":"https:\/\/www.regioncuatronoticias.com\/index.php\/wp-json\/wp\/v2\/tags?post=7617"}],"curies":[{"name":"wp","href":"https:\/\/api.w.org\/{rel}","templated":true}]}}