{"id":7587,"date":"2024-03-26T08:26:36","date_gmt":"2024-03-26T15:26:36","guid":{"rendered":"https:\/\/www.regioncuatronoticias.com\/?p=7587"},"modified":"2024-03-26T08:26:39","modified_gmt":"2024-03-26T15:26:39","slug":"amlo-busca-sinonimos-ante-un-ine-que-actua-como-inquisicion","status":"publish","type":"post","link":"https:\/\/www.regioncuatronoticias.com\/index.php\/2024\/03\/26\/amlo-busca-sinonimos-ante-un-ine-que-actua-como-inquisicion\/","title":{"rendered":"AMLO busca sin\u00f3nimos ante un INE que act\u00faa como \u201cInquisici\u00f3n\u201d"},"content":{"rendered":"\n<p>Ciudad de M\u00e9xico. Luego que el Instituto Nacional Electoral (INE) le prohibi\u00f3 usar el t\u00e9rmino \u201coligarqu\u00eda corrupta\u201d, el presidente Andr\u00e9s Manuel L\u00f3pez Obrador se\u00f1al\u00f3 que buscar\u00e1 sin\u00f3nimos para referirse a sus adversarios.<\/p>\n\n\n\n<p>\u201cPodr\u00eda ser la mafia del poder o conservadurismo corrupto\u201d, se\u00f1al\u00f3 esta ma\u00f1ana al abrir su conferencia en Palacio Nacional.<\/p>\n\n\n\n<p>Indic\u00f3 que el \u00f3rgano electoral act\u00faa como la Inquisici\u00f3n, por lo que coment\u00f3 que a partir de ahora \u201ctengo que tener mucho cuidado\u201d.<\/p>\n\n\n\n<p>Al iniciar la ma\u00f1anera de este martes, el mandatario se refiri\u00f3 a las determinaciones que ayer tom\u00f3 la Comisi\u00f3n de Quejas del Instituto, que le dio un plazo de seis horas para que haga las modificaciones a las conferencias de los d\u00edas 2, 6, 7, 8 y 9 de febrero, as\u00ed como de 4 y 6 de marzo, por haber hecho comentarios vinculados a las elecciones y en favor de su partido, Morena.<\/p>\n\n\n\n<p>\u201cTengo que tener mucho cuidado. Est\u00e1n los del INE muy estrictos, est\u00e1n como la Inquisici\u00f3n\u201d, coment\u00f3 el jefe del Ejecutivo.<\/p>\n\n\n\n<p>Y continu\u00f3: \u201cAhora f\u00edjense, acaban de resolver que yo no hable aqu\u00ed de oligarqu\u00eda corrupta, no voy a poder hablar de oligarqu\u00eda corrupta, me van a ayudar ustedes a buscar un sin\u00f3nimo, podr\u00eda ser mafia del poder o conservadurismo corrupto\u201d.<\/p>\n","protected":false},"excerpt":{"rendered":"<p>Ciudad de M\u00e9xico. Luego que el Instituto Nacional Electoral (INE) le prohibi\u00f3 usar el t\u00e9rmino \u201coligarqu\u00eda corrupta\u201d, el presidente Andr\u00e9s Manuel L\u00f3pez Obrador se\u00f1al\u00f3 que buscar\u00e1 sin\u00f3nimos para referirse a sus adversarios. \u201cPodr\u00eda ser la mafia del poder o conservadurismo corrupto\u201d, se\u00f1al\u00f3 esta ma\u00f1ana al abrir su conferencia en Palacio Nacional. Indic\u00f3 que el \u00f3rgano [&hellip;]<\/p>\n","protected":false},"author":1,"featured_media":7588,"comment_status":"open","ping_status":"open","sticky":false,"template":"","format":"standard","meta":{"content-type":"","footnotes":""},"categories":[123,3],"tags":[],"class_list":{"0":"post-7587","1":"post","2":"type-post","3":"status-publish","4":"format-standard","5":"has-post-thumbnail","7":"category-elecciones2024","8":"category-mexico"},"_links":{"self":[{"href":"https:\/\/www.regioncuatronoticias.com\/index.php\/wp-json\/wp\/v2\/posts\/7587","targetHints":{"allow":["GET"]}}],"collection":[{"href":"https:\/\/www.regioncuatronoticias.com\/index.php\/wp-json\/wp\/v2\/posts"}],"about":[{"href":"https:\/\/www.regioncuatronoticias.com\/index.php\/wp-json\/wp\/v2\/types\/post"}],"author":[{"embeddable":true,"href":"https:\/\/www.regioncuatronoticias.com\/index.php\/wp-json\/wp\/v2\/users\/1"}],"replies":[{"embeddable":true,"href":"https:\/\/www.regioncuatronoticias.com\/index.php\/wp-json\/wp\/v2\/comments?post=7587"}],"version-history":[{"count":1,"href":"https:\/\/www.regioncuatronoticias.com\/index.php\/wp-json\/wp\/v2\/posts\/7587\/revisions"}],"predecessor-version":[{"id":7589,"href":"https:\/\/www.regioncuatronoticias.com\/index.php\/wp-json\/wp\/v2\/posts\/7587\/revisions\/7589"}],"wp:featuredmedia":[{"embeddable":true,"href":"https:\/\/www.regioncuatronoticias.com\/index.php\/wp-json\/wp\/v2\/media\/7588"}],"wp:attachment":[{"href":"https:\/\/www.regioncuatronoticias.com\/index.php\/wp-json\/wp\/v2\/media?parent=7587"}],"wp:term":[{"taxonomy":"category","embeddable":true,"href":"https:\/\/www.regioncuatronoticias.com\/index.php\/wp-json\/wp\/v2\/categories?post=7587"},{"taxonomy":"post_tag","embeddable":true,"href":"https:\/\/www.regioncuatronoticias.com\/index.php\/wp-json\/wp\/v2\/tags?post=7587"}],"curies":[{"name":"wp","href":"https:\/\/api.w.org\/{rel}","templated":true}]}}