{"id":7550,"date":"2024-03-25T10:35:22","date_gmt":"2024-03-25T17:35:22","guid":{"rendered":"https:\/\/www.regioncuatronoticias.com\/?p=7550"},"modified":"2024-03-25T10:35:23","modified_gmt":"2024-03-25T17:35:23","slug":"claudia-sheinbaum-calienta-el-primer-debate-presidencial-y-lanza-mensaje-a-xochitl-y-maynez-vamos-a-ganar","status":"publish","type":"post","link":"https:\/\/www.regioncuatronoticias.com\/index.php\/2024\/03\/25\/claudia-sheinbaum-calienta-el-primer-debate-presidencial-y-lanza-mensaje-a-xochitl-y-maynez-vamos-a-ganar\/","title":{"rendered":"Claudia Sheinbaum calienta el Primer Debate Presidencial y lanza mensaje a X\u00f3chitl y M\u00e1ynez: \u201cVamos a ganar\u201d"},"content":{"rendered":"\n<p>Claudia Sheinbaum, candidata a la Presidencia de la Rep\u00fablica por la alianza Sigamos Haciendo Historia, calent\u00f3 el Primer Debate Presidencial que se llevar\u00e1 a cabo el pr\u00f3ximo 7 de abril y asegur\u00f3 que ganar\u00e1 ese primer encuentro cara a cara contra X\u00f3chitl G\u00e1lvez y Jorge \u00c1lvarez M\u00e1ynez.<\/p>\n\n\n\n<p>Fue durante su reciente visita al estado de Coahuila y con pleno conocimiento de que ella abrir\u00e1 el debate &#8211; luego de que el Instituto Nacional Electoral sorte\u00f3 el orden el pasado viernes &#8211; que lanz\u00f3 un duro mensaje hacia la candidata de Fuerza y Coraz\u00f3n por M\u00e9xico y el candidato de Movimiento Ciudadano.<\/p>\n\n\n\n<p>\u201cVamos a ganar el debate, as\u00ed hablemos primero o no. Vamos a ganar el debate porque tenemos propuesta, porque tenemos la cercan\u00eda con el pueblo de M\u00e9xico, porque tenemos honestidad, resultados\u201d, dijo ante los coahuilenses.<\/p>\n\n\n\n<p>Durante su intervenci\u00f3n en la entidad, que forma parte de su gira por el norte del pa\u00eds que arranc\u00f3 en Tamaulipas y que concluir\u00e1 este domingo en el estado de Durango, Claudia Sheinbaum asegur\u00f3 que siempre ha ofrecido honestidad y resultados.<\/p>\n\n\n\n<p>Claudia Sheinbaum se dijo segura de que ganar\u00e1 el primer debate Cr\u00e9dito: Cuartoscuro<br>Al hablar sobre la contienda en contra de X\u00f3chitl G\u00e1lvez, quien encabeza la coalici\u00f3n Fuerza y Coraz\u00f3n por M\u00e9xico, asegur\u00f3 que se trata de una contienda en la que participan dos mujeres con dos proyectos de naci\u00f3n distintos.<\/p>\n\n\n\n<p>Record\u00f3 que el pr\u00f3ximo 2 de junio la poblaci\u00f3n tendr\u00e1 que elegir entre dos opciones, por un lado la que propone seguir con la transformaci\u00f3n del pa\u00eds y por otro la de la oposici\u00f3n, quienes buscan recuperar sus \u201cprivilegios\u201d.<\/p>\n\n\n\n<p>Durante su visita al estado de Coahuila, Claudia Sheinbaum aprovech\u00f3 para reunirse con los trabajadores de Altos Hornos de M\u00e9xico, una empresa que, asegur\u00f3, fue \u201cprivatizada en el periodo neoliberal y es uno de los casos de corrupci\u00f3n y mal manejo\u201d que la han llevado a su cierre.<\/p>\n\n\n\n<p>Record\u00f3 que en encuentros anteriores con los trabajadores se comprometi\u00f3 a apoyarlos, raz\u00f3n por la que, ahora que ha visitado de nuevo la entidad, estableci\u00f3 una mesa de di\u00e1logo y se comprometi\u00f3 a ayudarlos.<\/p>\n\n\n\n<p>Mientras tanto, a trav\u00e9s de sus redes sociales, Claudia Sheinbaum comparti\u00f3 un mensaje en el que ciudadanos le pidieron saludar al presidente Andr\u00e9s Manuel L\u00f3pez Obrador, ocasi\u00f3n que aprovech\u00f3 para destacar el trabajo de la Cuarta Transformaci\u00f3n en el pa\u00eds.<\/p>\n\n\n\n<p>\u201cEn san Pedro, Coahuila, Me dijeron: sal\u00fademe a mi presidente, d\u00edgale que lo queremos porque fue \u00e9l quien nos quit\u00f3 el hambre. Y luego se preguntan por qu\u00e9 el pueblo quiere la Transformaci\u00f3n\u201d, indic\u00f3 en sus redes sociales.<\/p>\n","protected":false},"excerpt":{"rendered":"<p>Claudia Sheinbaum, candidata a la Presidencia de la Rep\u00fablica por la alianza Sigamos Haciendo Historia, calent\u00f3 el Primer Debate Presidencial que se llevar\u00e1 a cabo el pr\u00f3ximo 7 de abril y asegur\u00f3 que ganar\u00e1 ese primer encuentro cara a cara contra X\u00f3chitl G\u00e1lvez y Jorge \u00c1lvarez M\u00e1ynez. Fue durante su reciente visita al estado de [&hellip;]<\/p>\n","protected":false},"author":1,"featured_media":7551,"comment_status":"open","ping_status":"open","sticky":false,"template":"","format":"standard","meta":{"content-type":"","footnotes":""},"categories":[123],"tags":[],"class_list":{"0":"post-7550","1":"post","2":"type-post","3":"status-publish","4":"format-standard","5":"has-post-thumbnail","7":"category-elecciones2024"},"_links":{"self":[{"href":"https:\/\/www.regioncuatronoticias.com\/index.php\/wp-json\/wp\/v2\/posts\/7550","targetHints":{"allow":["GET"]}}],"collection":[{"href":"https:\/\/www.regioncuatronoticias.com\/index.php\/wp-json\/wp\/v2\/posts"}],"about":[{"href":"https:\/\/www.regioncuatronoticias.com\/index.php\/wp-json\/wp\/v2\/types\/post"}],"author":[{"embeddable":true,"href":"https:\/\/www.regioncuatronoticias.com\/index.php\/wp-json\/wp\/v2\/users\/1"}],"replies":[{"embeddable":true,"href":"https:\/\/www.regioncuatronoticias.com\/index.php\/wp-json\/wp\/v2\/comments?post=7550"}],"version-history":[{"count":1,"href":"https:\/\/www.regioncuatronoticias.com\/index.php\/wp-json\/wp\/v2\/posts\/7550\/revisions"}],"predecessor-version":[{"id":7552,"href":"https:\/\/www.regioncuatronoticias.com\/index.php\/wp-json\/wp\/v2\/posts\/7550\/revisions\/7552"}],"wp:featuredmedia":[{"embeddable":true,"href":"https:\/\/www.regioncuatronoticias.com\/index.php\/wp-json\/wp\/v2\/media\/7551"}],"wp:attachment":[{"href":"https:\/\/www.regioncuatronoticias.com\/index.php\/wp-json\/wp\/v2\/media?parent=7550"}],"wp:term":[{"taxonomy":"category","embeddable":true,"href":"https:\/\/www.regioncuatronoticias.com\/index.php\/wp-json\/wp\/v2\/categories?post=7550"},{"taxonomy":"post_tag","embeddable":true,"href":"https:\/\/www.regioncuatronoticias.com\/index.php\/wp-json\/wp\/v2\/tags?post=7550"}],"curies":[{"name":"wp","href":"https:\/\/api.w.org\/{rel}","templated":true}]}}