{"id":7541,"date":"2024-03-25T10:30:47","date_gmt":"2024-03-25T17:30:47","guid":{"rendered":"https:\/\/www.regioncuatronoticias.com\/?p=7541"},"modified":"2024-03-25T10:30:49","modified_gmt":"2024-03-25T17:30:49","slug":"invita-arzobispo-de-hermosillo-a-vivir-esta-semana-santa-en-santidad","status":"publish","type":"post","link":"https:\/\/www.regioncuatronoticias.com\/index.php\/2024\/03\/25\/invita-arzobispo-de-hermosillo-a-vivir-esta-semana-santa-en-santidad\/","title":{"rendered":"Invita arzobispo de Hermosillo a vivir esta Semana Santa en santidad"},"content":{"rendered":"\n<p>HERMOSILLO, Sonora.- El arzobispo de Hermosillo, Ruy Rend\u00f3n Leal, encabez\u00f3 ayer la ceremonia del Domingo de Ramos, que significa la entrada triunfal de Jes\u00fas a Jerusal\u00e9n. Con este rito y la bendici\u00f3n de las palmas inicia la Semana Santa.<\/p>\n\n\n\n<p>Con la bendici\u00f3n de las palmas dio inicio la Semana Mayor en la Iglesia Cat\u00f3lica, el arzobispo Ruy Rend\u00f3n Leal hizo un llamado a los fieles a vivir estos d\u00edas de manera santa.<\/p>\n\n\n\n<p>A las afueras de la Catedral los feligreses se aglomeraron para recibir la bendici\u00f3n de la palma e imitar la multitud que aclamaba a Jesucristo en su entrada triunfal a Jerusal\u00e9n, cuando fue reconocido como el Mes\u00edas.<\/p>\n\n\n\n<p>En la misa de las 12:00 horas el arzobispo hizo un llamado a los asistentes a que vivan en estos d\u00edas de manera santa, viviendo en gracia de Dios y evitando todo aquello que va en contra de Nuestro Se\u00f1or y en contra del pr\u00f3jimo.<\/p>\n\n\n\n<p>Las actividades de Semana Santa en la Catedral de Hermosillo incluir\u00e1 la Misa Crismal el martes a las 17:00 horas; el mi\u00e9rcoles ser\u00e1 la recepci\u00f3n de Santos \u00f3leos a las 19:00 horas y la renovaci\u00f3n de ministros de extraordinario de la sagrada comuni\u00f3n (MESC).<\/p>\n\n\n\n<p>El jueves a las 17:00 horas la Cena del Se\u00f1or y de 19:00 a 00:00 horas la adoraci\u00f3n eucar\u00edstica y para el Viernes Santo a las 10:00 horas el Viacrucis meditado en la Catedral.<\/p>\n\n\n\n<p>A las 12:00 horas la meditaci\u00f3n de las Siete Palabras, a las 15:00 horas la Pasi\u00f3n del Se\u00f1or y por la noche a las 20:00 el rosario de p\u00e9same a la Virgen Mar\u00eda y para el s\u00e1bado de Gloria la misa solemne de la Vigilia Pascual ser\u00e1 a partir de las 20:00 horas.<\/p>\n\n\n\n<p>El domingo se celebrar\u00e1 la Pascua de Resurrecci\u00f3n con misas en los horarios normales de los domingos a las 10:00, 12:00, 13:30, 17:00, 18:30 y 20:00 horas.<\/p>\n\n\n\n<p>ACTIVIDADES<\/p>\n\n\n\n<p>Eventos de Semana Santa en Catedral<\/p>\n\n\n\n<p>Martes 17:00 horas: Misa Crismal<br>Mi\u00e9rcoles 19:00: Recepci\u00f3n de Santos \u00f3leos<br>Jueves 17:00 horas: La Cena del Se\u00f1or (lavatorio de los pies)<br>19:00 a 24:00 horas: Adoraci\u00f3n eucar\u00edstica y<\/p>\n\n\n\n<p>Viernes<br>10:00 horas: Viacrucis meditado<\/p>\n\n\n\n<p>12:00 horas: Meditaci\u00f3n de las Siete Palabras<\/p>\n\n\n\n<p>15:00 horas: La Pasi\u00f3n del Se\u00f1or<\/p>\n\n\n\n<p>20:00 horas: Rosario de p\u00e9same a la Virgen<\/p>\n\n\n\n<p>S\u00e1bado 20:00 horas: Vigilia Pascual<br>Domingo: Pascua de Resurrecci\u00f3n con misas a las 10:00, 12:00, 13:30, 17:00, 18:30 y 20:00 horas.<\/p>\n","protected":false},"excerpt":{"rendered":"<p>HERMOSILLO, Sonora.- El arzobispo de Hermosillo, Ruy Rend\u00f3n Leal, encabez\u00f3 ayer la ceremonia del Domingo de Ramos, que significa la entrada triunfal de Jes\u00fas a Jerusal\u00e9n. Con este rito y la bendici\u00f3n de las palmas inicia la Semana Santa. Con la bendici\u00f3n de las palmas dio inicio la Semana Mayor en la Iglesia Cat\u00f3lica, el [&hellip;]<\/p>\n","protected":false},"author":1,"featured_media":7542,"comment_status":"open","ping_status":"open","sticky":false,"template":"","format":"standard","meta":{"content-type":"","footnotes":""},"categories":[8],"tags":[],"class_list":{"0":"post-7541","1":"post","2":"type-post","3":"status-publish","4":"format-standard","5":"has-post-thumbnail","7":"category-hermosillo"},"_links":{"self":[{"href":"https:\/\/www.regioncuatronoticias.com\/index.php\/wp-json\/wp\/v2\/posts\/7541","targetHints":{"allow":["GET"]}}],"collection":[{"href":"https:\/\/www.regioncuatronoticias.com\/index.php\/wp-json\/wp\/v2\/posts"}],"about":[{"href":"https:\/\/www.regioncuatronoticias.com\/index.php\/wp-json\/wp\/v2\/types\/post"}],"author":[{"embeddable":true,"href":"https:\/\/www.regioncuatronoticias.com\/index.php\/wp-json\/wp\/v2\/users\/1"}],"replies":[{"embeddable":true,"href":"https:\/\/www.regioncuatronoticias.com\/index.php\/wp-json\/wp\/v2\/comments?post=7541"}],"version-history":[{"count":1,"href":"https:\/\/www.regioncuatronoticias.com\/index.php\/wp-json\/wp\/v2\/posts\/7541\/revisions"}],"predecessor-version":[{"id":7543,"href":"https:\/\/www.regioncuatronoticias.com\/index.php\/wp-json\/wp\/v2\/posts\/7541\/revisions\/7543"}],"wp:featuredmedia":[{"embeddable":true,"href":"https:\/\/www.regioncuatronoticias.com\/index.php\/wp-json\/wp\/v2\/media\/7542"}],"wp:attachment":[{"href":"https:\/\/www.regioncuatronoticias.com\/index.php\/wp-json\/wp\/v2\/media?parent=7541"}],"wp:term":[{"taxonomy":"category","embeddable":true,"href":"https:\/\/www.regioncuatronoticias.com\/index.php\/wp-json\/wp\/v2\/categories?post=7541"},{"taxonomy":"post_tag","embeddable":true,"href":"https:\/\/www.regioncuatronoticias.com\/index.php\/wp-json\/wp\/v2\/tags?post=7541"}],"curies":[{"name":"wp","href":"https:\/\/api.w.org\/{rel}","templated":true}]}}