{"id":7510,"date":"2024-03-25T10:15:12","date_gmt":"2024-03-25T17:15:12","guid":{"rendered":"https:\/\/www.regioncuatronoticias.com\/?p=7510"},"modified":"2024-03-25T10:15:13","modified_gmt":"2024-03-25T17:15:13","slug":"nunca-mas-una-dictadura-clamor-en-argentina","status":"publish","type":"post","link":"https:\/\/www.regioncuatronoticias.com\/index.php\/2024\/03\/25\/nunca-mas-una-dictadura-clamor-en-argentina\/","title":{"rendered":"&#8220;Nunca m\u00e1s una dictadura&#8221;, clamor en Argentina"},"content":{"rendered":"\n<p>Buenos Aires. Durante una marcha multitudinaria por la Memoria, la Verdad y la Justicia, la m\u00e1s grande de los \u00faltimos a\u00f1os, superando todas las expectativas, desbordando la Plaza de Mayo en interminables columnas que se extend\u00edan por calles y avenidas, se ley\u00f3 el documento de los organismos de derechos humanos, a 48 a\u00f1os de aquel 24 de marzo de 1976, cuando se instal\u00f3 la dictadura m\u00e1s cruel de la historia, considerando que \u00e9sta es una jornada hist\u00f3rica, con movilizaciones masivas y una demostraci\u00f3n de que el pueblo est\u00e1 de pie frente a este gobierno neofascista. Necesitamos fortalecer la unidad y la organizaci\u00f3n para defender la democracia.<\/p>\n\n\n\n<p>Destacaron que sus familiares, compa\u00f1eros y compa\u00f1eras luchaban por una sociedad m\u00e1s justa, igualitaria, solidaria y soberana. Por eso se los llevaron. Las mismas banderas tomamos los organismos de derechos humanos en plena dictadura, la m\u00e1s sangrienta. Y as\u00ed lo hacemos hoy, porque el gobierno de Milei viene por todo: por nuestros derechos, por nuestra soberan\u00eda y por nuestra libertad.<\/p>\n\n\n\n<p>Se record\u00f3 que hace 48 a\u00f1os, los genocidas, militares y civiles, tomaron el poder en Argentina para imponer, con el terrorismo de Estado, la concentraci\u00f3n de la riqueza en pocas manos, la profundizaci\u00f3n de la desigualdad social y con ella la miseria planificada, como denunci\u00f3 Rodolfo Walsh. Las mismas corporaciones que se beneficiaron entonces son las que vuelven a hacerlo hoy, con la misma receta neoliberal y la misma crueldad y desprecio por el pueblo argentino. Se pidi\u00f3 a los militares que rompan el pacto de silencio y digan d\u00f3nde est\u00e1n los desaparecidos.<\/p>\n\n\n\n<p>Los organismos de derechos humanos pidieron de forma urgente una ley contra el negacionismo frente a este gobierno que pretende restablecer la teor\u00eda de los dos demonios y reivindica al terrorismo de Estado, y sancionar a funcionarios y congresistas que desestimen los cr\u00edmenes y a sus v\u00edctimas, negando las cifras de 30 mil desaparecidos, como lo hizo la presidencia en las \u00faltimas horas.<\/p>\n\n\n\n<p>La multitudinaria marcha, como sucedi\u00f3 en todas las capitales del pa\u00eds, sorprendi\u00f3 a los gobernantes. Por primera vez se sum\u00f3 la Uni\u00f3n C\u00edvica Radical, con su presidente Mart\u00edn Lusteau a la cabeza, acompa\u00f1ado por la juventud y los trabajadores de ese partido.<\/p>\n\n\n\n<p>Adem\u00e1s, todos los gobernadores subrayaron la necesidad de preservar la lucha por la memoria, la verdad y la justicia y se destacaron las denuncias de la poblaci\u00f3n contra el gobierno que encabeza el presidente ultraderechista, Javier Milei.<\/p>\n\n\n\n<p>En el documento se sostiene que el gobierno de Milei y (su vicepresidenta Victoria) Villarruel est\u00e1 ejecutando, de manera brutal y acelerada, el plan de ajuste m\u00e1s despiadado de 40 a\u00f1os de historia democr\u00e1tica. Es la redici\u00f3n de la miseria planificada de (el ministro de Econom\u00eda, entre 1976 y 1981, Jos\u00e9 Alfredo) Mart\u00ednez de Hoz.<\/p>\n\n\n\n<p>Asimismo, se pidi\u00f3 a los representantes del pueblo, diputados y senadores que rechacen \u201cpor inconstitucional, el DNU (decreto de necesidad y urgencia) y la ley \u00f3mnibus, que son de nulidad absoluta\u201d.<\/p>\n\n\n\n<p>El documento fue le\u00eddo por Estela de Carlotto, presidenta de Abuelas de Plaza de Mayo; Adolfo P\u00e9rez Esquivel, Nobel de la Paz y del Servicio de Paz y Justicia, y Taty Almeida, de Madres Fundadoras de Plaza de Mayo.<\/p>\n\n\n\n<p>Advierten sobre el rechazo a la apolog\u00eda del terrorismo de Estado. \u00a1Son 30 mil!, gritaron, lo que produjo una estampida de aplausos y c\u00e1nticos y el infaltable est\u00e1n presentes, ayer, ahora y siempre. Agrega que \u201cMilei pide poderes absolutos para destruir el pa\u00eds y obligar a los gobernadores a firmar la aprobaci\u00f3n de la ley \u00f3mnibus\u201d.<\/p>\n\n\n\n<p>Se mencion\u00f3 tambi\u00e9n que la participaci\u00f3n de las fuerzas armadas en conflictos internos es contraria a su rol y pone en riesgo los derechos humanos de todos, rechazando el intento del gobierno de Milei y la ministra de Seguridad, Patricia Bullrich, de modificar la ley de seguridad interior para utilizar a las fuerzas armadas en el combate al narcoterrorismo. El proyecto reproduce todos los t\u00e9rminos de las doctrinas de Estados Unidos para intervenir en los pa\u00edses de la regi\u00f3n.<\/p>\n\n\n\n<p>Hubo referencias a los intentos de privatizar las empresas del Estado, ante lo cual sostuvieron que la patria no se vende: se defiende. Las empresas del Estado pertenecen al pueblo y no deben ser privatizadas. Otro tema clave fue el de la deuda externa, que se consideraron que \u201ces impagable e inmoral\u2026 Se deben investigar los pr\u00e9stamos del FMI que contrajo Mauricio Macri para facilitar y acelerar la bicicleta financiera\u201d.<\/p>\n\n\n\n<p>Entre las sorpresas de este d\u00eda, la presencia de Axel Kicillof, gobernador de la provincia de Buenos Aires, entre los manifestantes, fue muy bien recibida, entre no pocos c\u00e1nticos de Kicillof, presidente.<\/p>\n\n\n\n<p>Terminado el acto con los organismos de derechos humanos, manifestantes de la izquierda trostkista, encabezada por el Polo Obrero e integrantes del Frente de Izquierda y organizaciones sociales de distintos sectores, la Plaza de Mayo, ya entrada la noche, segu\u00eda colmada.<\/p>\n\n\n\n<p>La mayor parte de los consultados que iban por primera vez a esta marcha coincid\u00edan en que la situaci\u00f3n actual es incontenible y no puede continuar un d\u00eda m\u00e1s porque nos quitan derechos y soberan\u00eda, y a pesar del pedido de los organismos de que se devuelvan los fondos de los comedores populares o de los medicamentos y cesen los despidos masivos y el cierre de organismos necesarios para el pa\u00eds, el gobierno responde con decretos, uno tras otro, destruyendo a la naci\u00f3n.<\/p>\n\n\n\n<p>En un video de poco m\u00e1s de 12 minutos, el presidente Milei y la vicepresidenta Villarreal negaron que hubiera 30 mil desaparecidos y aseguraron que esto era \u201cun curro (un negocio) de los derechos humanos\u201d, al aseverar que hubo una guerra, manteniendo la teor\u00eda de los dos demonios y la necesidad de mirar adelante y dejar atr\u00e1s el pasado, con el fin de atacar la lucha por los derechos humanos, a las v\u00edctimas de la \u00faltima dictadura c\u00edvico-militar y a toda la dirigencia pol\u00edtica y civil que las defendi\u00f3 en estos 40 a\u00f1os de democracia.<\/p>\n","protected":false},"excerpt":{"rendered":"<p>Buenos Aires. Durante una marcha multitudinaria por la Memoria, la Verdad y la Justicia, la m\u00e1s grande de los \u00faltimos a\u00f1os, superando todas las expectativas, desbordando la Plaza de Mayo en interminables columnas que se extend\u00edan por calles y avenidas, se ley\u00f3 el documento de los organismos de derechos humanos, a 48 a\u00f1os de aquel [&hellip;]<\/p>\n","protected":false},"author":1,"featured_media":7511,"comment_status":"open","ping_status":"open","sticky":false,"template":"","format":"standard","meta":{"content-type":"","footnotes":""},"categories":[7],"tags":[],"class_list":{"0":"post-7510","1":"post","2":"type-post","3":"status-publish","4":"format-standard","5":"has-post-thumbnail","7":"category-internacional"},"_links":{"self":[{"href":"https:\/\/www.regioncuatronoticias.com\/index.php\/wp-json\/wp\/v2\/posts\/7510","targetHints":{"allow":["GET"]}}],"collection":[{"href":"https:\/\/www.regioncuatronoticias.com\/index.php\/wp-json\/wp\/v2\/posts"}],"about":[{"href":"https:\/\/www.regioncuatronoticias.com\/index.php\/wp-json\/wp\/v2\/types\/post"}],"author":[{"embeddable":true,"href":"https:\/\/www.regioncuatronoticias.com\/index.php\/wp-json\/wp\/v2\/users\/1"}],"replies":[{"embeddable":true,"href":"https:\/\/www.regioncuatronoticias.com\/index.php\/wp-json\/wp\/v2\/comments?post=7510"}],"version-history":[{"count":1,"href":"https:\/\/www.regioncuatronoticias.com\/index.php\/wp-json\/wp\/v2\/posts\/7510\/revisions"}],"predecessor-version":[{"id":7512,"href":"https:\/\/www.regioncuatronoticias.com\/index.php\/wp-json\/wp\/v2\/posts\/7510\/revisions\/7512"}],"wp:featuredmedia":[{"embeddable":true,"href":"https:\/\/www.regioncuatronoticias.com\/index.php\/wp-json\/wp\/v2\/media\/7511"}],"wp:attachment":[{"href":"https:\/\/www.regioncuatronoticias.com\/index.php\/wp-json\/wp\/v2\/media?parent=7510"}],"wp:term":[{"taxonomy":"category","embeddable":true,"href":"https:\/\/www.regioncuatronoticias.com\/index.php\/wp-json\/wp\/v2\/categories?post=7510"},{"taxonomy":"post_tag","embeddable":true,"href":"https:\/\/www.regioncuatronoticias.com\/index.php\/wp-json\/wp\/v2\/tags?post=7510"}],"curies":[{"name":"wp","href":"https:\/\/api.w.org\/{rel}","templated":true}]}}