{"id":7495,"date":"2024-03-25T10:09:37","date_gmt":"2024-03-25T17:09:37","guid":{"rendered":"https:\/\/www.regioncuatronoticias.com\/?p=7495"},"modified":"2024-03-25T10:09:38","modified_gmt":"2024-03-25T17:09:38","slug":"secuestros-en-culiacan-por-confrontacion-entre-bandas-del-crimen-organizado-amlo","status":"publish","type":"post","link":"https:\/\/www.regioncuatronoticias.com\/index.php\/2024\/03\/25\/secuestros-en-culiacan-por-confrontacion-entre-bandas-del-crimen-organizado-amlo\/","title":{"rendered":"Secuestros en Culiac\u00e1n, por confrontaci\u00f3n entre bandas del crimen organizado: AMLO"},"content":{"rendered":"\n<p>Los secuestros de personas en Culiac\u00e1n, Sinaloa, se deben a una confrontaci\u00f3n entre bandas del crimen organizado, afirm\u00f3 el presidente Andr\u00e9s Manuel L\u00f3pez Obrador. Aunque no ofreci\u00f3 mayor informaci\u00f3n por cuestiones de seguridad, dijo que el operativo en la zona se realiza con mil 800 elementos de las fuerzas armadas.<\/p>\n\n\n\n<p>Confirm\u00f3 que la madrugada de ayer hubo un enfrentamiento donde un soldado perdi\u00f3 la vida, uno m\u00e1s result\u00f3 herido y se detuvo a tres personas. \u201cHay diferencias\u2026 poco a poco vamos a informar\u201d, apunt\u00f3.<\/p>\n\n\n\n<p>Enseguida envi\u00f3 sus condolencias a la familia del militar que falleci\u00f3 y confi\u00f3 en que aparezcan las ocho personas que a\u00fan siguen desaparecidas. De 66 que fueron levantadas desde el pasado viernes, 58 \u201cya han sido rescatadas o han regresado a sus casas bien\u201d.<\/p>\n\n\n\n<p>Respecto a la versi\u00f3n que se ha difundido de que los afectados se niegan a levantar denuncias, coment\u00f3 que se est\u00e1 hablando con ellos, pero el gobierno tiene las investigaciones.<\/p>\n\n\n\n<p>El Presidente asegur\u00f3 tener informaci\u00f3n pero por ahora, \u201cno la puedo dar a conocer\u201d, dijo a la pregunta sobre si en este asunto est\u00e1n involucrados los hijos de Joaqu\u00edn Guzman Loera, El Chapo e Ismael El Mayo Zambada.<\/p>\n","protected":false},"excerpt":{"rendered":"<p>Los secuestros de personas en Culiac\u00e1n, Sinaloa, se deben a una confrontaci\u00f3n entre bandas del crimen organizado, afirm\u00f3 el presidente Andr\u00e9s Manuel L\u00f3pez Obrador. Aunque no ofreci\u00f3 mayor informaci\u00f3n por cuestiones de seguridad, dijo que el operativo en la zona se realiza con mil 800 elementos de las fuerzas armadas. Confirm\u00f3 que la madrugada de [&hellip;]<\/p>\n","protected":false},"author":1,"featured_media":7496,"comment_status":"open","ping_status":"open","sticky":false,"template":"","format":"standard","meta":{"content-type":"","footnotes":""},"categories":[113],"tags":[],"class_list":{"0":"post-7495","1":"post","2":"type-post","3":"status-publish","4":"format-standard","5":"has-post-thumbnail","7":"category-seguridad"},"_links":{"self":[{"href":"https:\/\/www.regioncuatronoticias.com\/index.php\/wp-json\/wp\/v2\/posts\/7495","targetHints":{"allow":["GET"]}}],"collection":[{"href":"https:\/\/www.regioncuatronoticias.com\/index.php\/wp-json\/wp\/v2\/posts"}],"about":[{"href":"https:\/\/www.regioncuatronoticias.com\/index.php\/wp-json\/wp\/v2\/types\/post"}],"author":[{"embeddable":true,"href":"https:\/\/www.regioncuatronoticias.com\/index.php\/wp-json\/wp\/v2\/users\/1"}],"replies":[{"embeddable":true,"href":"https:\/\/www.regioncuatronoticias.com\/index.php\/wp-json\/wp\/v2\/comments?post=7495"}],"version-history":[{"count":1,"href":"https:\/\/www.regioncuatronoticias.com\/index.php\/wp-json\/wp\/v2\/posts\/7495\/revisions"}],"predecessor-version":[{"id":7497,"href":"https:\/\/www.regioncuatronoticias.com\/index.php\/wp-json\/wp\/v2\/posts\/7495\/revisions\/7497"}],"wp:featuredmedia":[{"embeddable":true,"href":"https:\/\/www.regioncuatronoticias.com\/index.php\/wp-json\/wp\/v2\/media\/7496"}],"wp:attachment":[{"href":"https:\/\/www.regioncuatronoticias.com\/index.php\/wp-json\/wp\/v2\/media?parent=7495"}],"wp:term":[{"taxonomy":"category","embeddable":true,"href":"https:\/\/www.regioncuatronoticias.com\/index.php\/wp-json\/wp\/v2\/categories?post=7495"},{"taxonomy":"post_tag","embeddable":true,"href":"https:\/\/www.regioncuatronoticias.com\/index.php\/wp-json\/wp\/v2\/tags?post=7495"}],"curies":[{"name":"wp","href":"https:\/\/api.w.org\/{rel}","templated":true}]}}