{"id":7451,"date":"2024-03-23T11:50:01","date_gmt":"2024-03-23T18:50:01","guid":{"rendered":"https:\/\/www.regioncuatronoticias.com\/?p=7451"},"modified":"2024-03-23T11:50:03","modified_gmt":"2024-03-23T18:50:03","slug":"ataque-terrorista-en-moscu-putin-anuncia-detencion-de-responsables-escapaban-a-ucrania","status":"publish","type":"post","link":"https:\/\/www.regioncuatronoticias.com\/index.php\/2024\/03\/23\/ataque-terrorista-en-moscu-putin-anuncia-detencion-de-responsables-escapaban-a-ucrania\/","title":{"rendered":"Ataque terrorista en Mosc\u00fa: Put\u00edn anuncia detenci\u00f3n de responsables; escapaban a Ucrania"},"content":{"rendered":"\n<p>Mosc\u00fa, Rusia.- El ataque terrorista en una sala de conciertos de Mosc\u00fa, Rusia que dej\u00f3 al menos 143 muertos y la misma cantidad de heridos conmocion\u00f3 al mundo, se inform\u00f3 que cinco personas vestidas con trajes de camuflaje abrieron fuego en el auditorio municipal de Crocus, al noroeste de la capital y realizaron una masacre, m\u00e1s tarde se confirm\u00f3 que se trat\u00f3 de miembros del Estado Isl\u00e1mico.<\/p>\n\n\n\n<p>En ese sentido, de acuerdo con las declaraciones del ministro de Salud de Rusia, Mija\u00edl Murashko, 115 personas estaban siendo atendidas en centros m\u00e9dicos, y 60 permanec\u00edan en estado cr\u00edtico. Murashko tambi\u00e9n confirm\u00f3 que cinco de los heridos eran ni\u00f1os. &#8220;Los cad\u00e1veres de los fallecidos est\u00e1n siendo examinados actualmente. Se ha establecido provisionalmente que en el ataque terrorista murieron m\u00e1s de 60 personas. Lamentablemente, el n\u00famero de v\u00edctimas podr\u00eda aumentar\u201d.<\/p>\n\n\n\n<p>Por su parte, el presidente de Rusia, Vladimir Putin, calific\u00f3 los hechos como un \u201cacto terrorista salvaje\u201d y anunci\u00f3 que el domingo ser\u00e1 d\u00eda de luto nacional. Asimismo, el jefe de Estado anunci\u00f3 que cuatro personas fueron detenidas por estos hechos, quienes hab\u00edan intentado huir a Ucrania, y prometi\u00f3 que todos los responsables ser\u00e1n \u201ccastigados\u201d. \u201cLes hablo hoy en relaci\u00f3n al sangriento y salvaje acto terrorista, cuyas v\u00edctimas fueron decenas de personas inocentes y pac\u00edficas\u201d.<\/p>\n\n\n\n<p>\u201cTodos los autores, organizadores y los que encargaron este crimen recibir\u00e1n un merecido e inevitable castigo, sean quienes sean e independientemente de que los hayan enviado\u201d, subray\u00f3.<\/p>\n\n\n\n<p>\u201cLos cuatro perpetradores del acto terrorista que dispararon y mataron a personas fueron detenidos. Viajaban hacia Ucrania. Identificaremos y castigaremos a todos los que estuvieron detr\u00e1s de los terroristas que prepararon el ataque\u201d, mencion\u00f3 Vladimir Putin. Cabe se\u00f1alar que momentos despu\u00e9s del ataque armado, el grupo autodenominado Estado Isl\u00e1mico (EI) se atribuy\u00f3 la responsabilidad del ataque en su canal de Telegram.<\/p>\n\n\n\n<p>En videos compartidos en redes sociales se muestra c\u00f3mo los asistentes al show del grupo Piknik huyen del sal\u00f3n, as\u00ed como una densa nube de humo negro saliendo del sitio. Cabe se\u00f1alar que tambi\u00e9n se report\u00f3 el colapso del techo del lugar. Durante horas, se realiz\u00f3 la evacuaci\u00f3n. Al menos unas 100 personas salieron por el bajo suelo del lugar mientras otras fueron rescatadas del techo con equipos especiales.<\/p>\n","protected":false},"excerpt":{"rendered":"<p>Mosc\u00fa, Rusia.- El ataque terrorista en una sala de conciertos de Mosc\u00fa, Rusia que dej\u00f3 al menos 143 muertos y la misma cantidad de heridos conmocion\u00f3 al mundo, se inform\u00f3 que cinco personas vestidas con trajes de camuflaje abrieron fuego en el auditorio municipal de Crocus, al noroeste de la capital y realizaron una masacre, [&hellip;]<\/p>\n","protected":false},"author":1,"featured_media":7452,"comment_status":"open","ping_status":"open","sticky":false,"template":"","format":"standard","meta":{"content-type":"","footnotes":""},"categories":[7],"tags":[],"class_list":{"0":"post-7451","1":"post","2":"type-post","3":"status-publish","4":"format-standard","5":"has-post-thumbnail","7":"category-internacional"},"_links":{"self":[{"href":"https:\/\/www.regioncuatronoticias.com\/index.php\/wp-json\/wp\/v2\/posts\/7451","targetHints":{"allow":["GET"]}}],"collection":[{"href":"https:\/\/www.regioncuatronoticias.com\/index.php\/wp-json\/wp\/v2\/posts"}],"about":[{"href":"https:\/\/www.regioncuatronoticias.com\/index.php\/wp-json\/wp\/v2\/types\/post"}],"author":[{"embeddable":true,"href":"https:\/\/www.regioncuatronoticias.com\/index.php\/wp-json\/wp\/v2\/users\/1"}],"replies":[{"embeddable":true,"href":"https:\/\/www.regioncuatronoticias.com\/index.php\/wp-json\/wp\/v2\/comments?post=7451"}],"version-history":[{"count":1,"href":"https:\/\/www.regioncuatronoticias.com\/index.php\/wp-json\/wp\/v2\/posts\/7451\/revisions"}],"predecessor-version":[{"id":7453,"href":"https:\/\/www.regioncuatronoticias.com\/index.php\/wp-json\/wp\/v2\/posts\/7451\/revisions\/7453"}],"wp:featuredmedia":[{"embeddable":true,"href":"https:\/\/www.regioncuatronoticias.com\/index.php\/wp-json\/wp\/v2\/media\/7452"}],"wp:attachment":[{"href":"https:\/\/www.regioncuatronoticias.com\/index.php\/wp-json\/wp\/v2\/media?parent=7451"}],"wp:term":[{"taxonomy":"category","embeddable":true,"href":"https:\/\/www.regioncuatronoticias.com\/index.php\/wp-json\/wp\/v2\/categories?post=7451"},{"taxonomy":"post_tag","embeddable":true,"href":"https:\/\/www.regioncuatronoticias.com\/index.php\/wp-json\/wp\/v2\/tags?post=7451"}],"curies":[{"name":"wp","href":"https:\/\/api.w.org\/{rel}","templated":true}]}}