{"id":7373,"date":"2024-03-22T07:59:20","date_gmt":"2024-03-22T14:59:20","guid":{"rendered":"https:\/\/www.regioncuatronoticias.com\/?p=7373"},"modified":"2024-03-22T07:59:25","modified_gmt":"2024-03-22T14:59:25","slug":"la-derecha-de-espana-se-sumara-a-campana-de-guerra-sucia-amlo","status":"publish","type":"post","link":"https:\/\/www.regioncuatronoticias.com\/index.php\/2024\/03\/22\/la-derecha-de-espana-se-sumara-a-campana-de-guerra-sucia-amlo\/","title":{"rendered":"La derecha de Espa\u00f1a se sumar\u00e1 a campa\u00f1a de guerra sucia: AMLO"},"content":{"rendered":"\n<p>Coatzacoalcos, Ver. El presidente Andr\u00e9s Manuel L\u00f3pez Obrador sostuvo que grupos de derecha de Espa\u00f1a se sumar\u00e1n a la campa\u00f1a de guerra sucia que ha emprendido el sector conservador contra su gobierno y su movimiento, en alusi\u00f3n al anuncio de Vox de respaldar a la derecha mexicana. Durante su conferencia, dijo que \u201ca veces se dice que son la ultraderecha, pero no, derecha o extrema derecha son iguales, nada m\u00e1s que unos m\u00e1s francos y otros m\u00e1s hip\u00f3critas\u201d.<\/p>\n\n\n\n<p>L\u00f3pez Obrador consider\u00f3: \u201c\u00a1Qu\u00e9 bueno no! \u00a1Porque nos van a seguir ayudando!\u201d, en alusi\u00f3n a la millonaria campa\u00f1a que ha emprendido el conservadurismo como parte de su guerra sucia en redes sociales con el hashtag de narco presidente.<\/p>\n\n\n\n<p>Ir\u00f3nico, asever\u00f3 que \u201cYa se habla de que gente simpatizante de nuestro movimiento de la transformaci\u00f3n son los que est\u00e1n de asesores de nuestros adversarios porque nos ayudan mucho, pero ni modo que yo termine de asesor, de consejero del bloque conservador. Hasta all\u00e1 no vamos a llegar, si se le da consejo a cualquier persona\u201d.<\/p>\n\n\n\n<p>El mandatario asever\u00f3 que los \u201cconservadores corruptos\u201d quisieran demostrar que somos iguales a ellos, a los corruptos, \u201cbrincos diera&#8221;.<\/p>\n","protected":false},"excerpt":{"rendered":"<p>Coatzacoalcos, Ver. El presidente Andr\u00e9s Manuel L\u00f3pez Obrador sostuvo que grupos de derecha de Espa\u00f1a se sumar\u00e1n a la campa\u00f1a de guerra sucia que ha emprendido el sector conservador contra su gobierno y su movimiento, en alusi\u00f3n al anuncio de Vox de respaldar a la derecha mexicana. Durante su conferencia, dijo que \u201ca veces se [&hellip;]<\/p>\n","protected":false},"author":1,"featured_media":7375,"comment_status":"open","ping_status":"open","sticky":false,"template":"","format":"standard","meta":{"content-type":"","footnotes":""},"categories":[7],"tags":[],"class_list":{"0":"post-7373","1":"post","2":"type-post","3":"status-publish","4":"format-standard","5":"has-post-thumbnail","7":"category-internacional"},"_links":{"self":[{"href":"https:\/\/www.regioncuatronoticias.com\/index.php\/wp-json\/wp\/v2\/posts\/7373","targetHints":{"allow":["GET"]}}],"collection":[{"href":"https:\/\/www.regioncuatronoticias.com\/index.php\/wp-json\/wp\/v2\/posts"}],"about":[{"href":"https:\/\/www.regioncuatronoticias.com\/index.php\/wp-json\/wp\/v2\/types\/post"}],"author":[{"embeddable":true,"href":"https:\/\/www.regioncuatronoticias.com\/index.php\/wp-json\/wp\/v2\/users\/1"}],"replies":[{"embeddable":true,"href":"https:\/\/www.regioncuatronoticias.com\/index.php\/wp-json\/wp\/v2\/comments?post=7373"}],"version-history":[{"count":1,"href":"https:\/\/www.regioncuatronoticias.com\/index.php\/wp-json\/wp\/v2\/posts\/7373\/revisions"}],"predecessor-version":[{"id":7376,"href":"https:\/\/www.regioncuatronoticias.com\/index.php\/wp-json\/wp\/v2\/posts\/7373\/revisions\/7376"}],"wp:featuredmedia":[{"embeddable":true,"href":"https:\/\/www.regioncuatronoticias.com\/index.php\/wp-json\/wp\/v2\/media\/7375"}],"wp:attachment":[{"href":"https:\/\/www.regioncuatronoticias.com\/index.php\/wp-json\/wp\/v2\/media?parent=7373"}],"wp:term":[{"taxonomy":"category","embeddable":true,"href":"https:\/\/www.regioncuatronoticias.com\/index.php\/wp-json\/wp\/v2\/categories?post=7373"},{"taxonomy":"post_tag","embeddable":true,"href":"https:\/\/www.regioncuatronoticias.com\/index.php\/wp-json\/wp\/v2\/tags?post=7373"}],"curies":[{"name":"wp","href":"https:\/\/api.w.org\/{rel}","templated":true}]}}