{"id":7345,"date":"2024-03-21T11:09:12","date_gmt":"2024-03-21T18:09:12","guid":{"rendered":"https:\/\/www.regioncuatronoticias.com\/?p=7345"},"modified":"2024-03-21T11:09:14","modified_gmt":"2024-03-21T18:09:14","slug":"incrementan-desapariciones-de-menores-en-sonora-instituciones-responden-rapido-a-denuncias","status":"publish","type":"post","link":"https:\/\/www.regioncuatronoticias.com\/index.php\/2024\/03\/21\/incrementan-desapariciones-de-menores-en-sonora-instituciones-responden-rapido-a-denuncias\/","title":{"rendered":"Incrementan desapariciones de menores en Sonora; instituciones responden r\u00e1pido a denuncias"},"content":{"rendered":"\n<p>Un incremento en el n\u00famero de desapariciones de menores se registra en Sonora este 2024, lo cual es una tendencia que confirma que existe un serio problema que deben resolver las autoridades.<\/p>\n\n\n\n<p>Aunque no detall\u00f3 el n\u00famero de expedientes acumulados por ese motivo, la l\u00edder del colectivo Buscadoras por la Paz en Sonora, Cecilia Delgado Grijalva, coment\u00f3 en entrevista para El Sol de Hermosillo que estima que hay una alza del 15% entre enero y marzo de este a\u00f1o en ese sector de la poblaci\u00f3n, conformado por personas en calidad de desaparecidos o que lo estuvieron por cierto lapso.<\/p>\n\n\n\n<p>&#8220;Es crucial prestar atenci\u00f3n a los menores de edad, especialmente en el entorno de las redes sociales&#8221;, advirti\u00f3, aunque la mayor\u00eda de los menores reportados han regresado, sin embargo hay otros casos en los que no se ha tenido esa suerte.<\/p>\n\n\n\n<p>Donde est\u00e1 m\u00e1s fuerte esta tendencia es en Hermosillo, al ser la ciudad con mayor poblaci\u00f3n en el estado, aunque esta estad\u00edstica es m\u00e1s intensa en Guaymas, Ciudad Obreg\u00f3n, Caborca y San Luis R\u00edo Colorado, en estas dos \u00faltimas con una situaci\u00f3n alarmante en cuanto a la inseguridad que se ha generado por las bandas delincuenciales, se\u00f1al\u00f3.<\/p>\n\n\n\n<p>Dado a que muchas familias que se ponen en contacto con el colectivo no desean presentar denuncia oficial, es altamente probable que la cifra real sea m\u00e1s del doble, al menos. &#8220;Les digo que es importante recabar muestras de ADN, pero si ni siquiera est\u00e1n dispuestos a denunciar, la situaci\u00f3n se torna a\u00fan m\u00e1s complicada&#8221;, lament\u00f3.<\/p>\n\n\n\n<p>En respuesta a esta preocupante tendencia, el colectivo trabaja en la creaci\u00f3n de un registro estatal para tener datos m\u00e1s precisos del n\u00famero de hombres y mujeres que todav\u00eda no son localizados por sus familiares.<\/p>\n\n\n\n<p>&#8220;Ya est\u00e1bamos en proceso de hacerlo, pero algunas personas que recibieron ayuda para encontrar a sus familiares se retiraron del proceso&#8221;, coment\u00f3.<\/p>\n\n\n\n<p>Un primer avance sustancial se tendr\u00eda entre mayo y junio, adelant\u00f3, pero para diciembre es cuando conf\u00eda en que ya se cuente con la base de datos m\u00e1s detallada del estado que a guarde cada caso.<\/p>\n\n\n\n<p>Si bien no sabe con exactitud la cantidad de personas desaparecidas que est\u00e9n en estos momentos en el estado, pues mientras las autoridades han dado a conocer que son entre 600 y 700 acumuladas desde hace unos a\u00f1os, la percepci\u00f3n y las quejas que presentan los familiares da pie a pensar que son muchas m\u00e1s.<\/p>\n\n\n\n<p>&#8220;No estamos hablando de 600-700 casos, sino de un n\u00famero mucho mayor. Por esta raz\u00f3n, estamos decididos a obtener datos precisos y reales. Nuestra meta es tener una base de datos completa para finales de este a\u00f1o, que incluya informaci\u00f3n sobre mujeres, menores y hombres desaparecidos&#8221;, indic\u00f3.<\/p>\n\n\n\n<p>Al ser un tema que ata\u00f1e a las autoridades, as\u00ed como a instituciones como es la Comisi\u00f3n Estatal de los Derechos Humanos, la Comisi\u00f3n Estatal de B\u00fasqueda, Fiscal\u00eda de Justicia, entre otras, sostuvo que s\u00ed reciben apoyo inmediato cuando lo solicitan para tratar de localizar a quienes est\u00e1n perdidos, por ello se coordinan para que los resultados de las pesquisas sean positivos.<\/p>\n","protected":false},"excerpt":{"rendered":"<p>Un incremento en el n\u00famero de desapariciones de menores se registra en Sonora este 2024, lo cual es una tendencia que confirma que existe un serio problema que deben resolver las autoridades. Aunque no detall\u00f3 el n\u00famero de expedientes acumulados por ese motivo, la l\u00edder del colectivo Buscadoras por la Paz en Sonora, Cecilia Delgado [&hellip;]<\/p>\n","protected":false},"author":1,"featured_media":7346,"comment_status":"open","ping_status":"open","sticky":false,"template":"","format":"standard","meta":{"content-type":"","footnotes":""},"categories":[9],"tags":[],"class_list":{"0":"post-7345","1":"post","2":"type-post","3":"status-publish","4":"format-standard","5":"has-post-thumbnail","7":"category-sonora"},"_links":{"self":[{"href":"https:\/\/www.regioncuatronoticias.com\/index.php\/wp-json\/wp\/v2\/posts\/7345","targetHints":{"allow":["GET"]}}],"collection":[{"href":"https:\/\/www.regioncuatronoticias.com\/index.php\/wp-json\/wp\/v2\/posts"}],"about":[{"href":"https:\/\/www.regioncuatronoticias.com\/index.php\/wp-json\/wp\/v2\/types\/post"}],"author":[{"embeddable":true,"href":"https:\/\/www.regioncuatronoticias.com\/index.php\/wp-json\/wp\/v2\/users\/1"}],"replies":[{"embeddable":true,"href":"https:\/\/www.regioncuatronoticias.com\/index.php\/wp-json\/wp\/v2\/comments?post=7345"}],"version-history":[{"count":1,"href":"https:\/\/www.regioncuatronoticias.com\/index.php\/wp-json\/wp\/v2\/posts\/7345\/revisions"}],"predecessor-version":[{"id":7347,"href":"https:\/\/www.regioncuatronoticias.com\/index.php\/wp-json\/wp\/v2\/posts\/7345\/revisions\/7347"}],"wp:featuredmedia":[{"embeddable":true,"href":"https:\/\/www.regioncuatronoticias.com\/index.php\/wp-json\/wp\/v2\/media\/7346"}],"wp:attachment":[{"href":"https:\/\/www.regioncuatronoticias.com\/index.php\/wp-json\/wp\/v2\/media?parent=7345"}],"wp:term":[{"taxonomy":"category","embeddable":true,"href":"https:\/\/www.regioncuatronoticias.com\/index.php\/wp-json\/wp\/v2\/categories?post=7345"},{"taxonomy":"post_tag","embeddable":true,"href":"https:\/\/www.regioncuatronoticias.com\/index.php\/wp-json\/wp\/v2\/tags?post=7345"}],"curies":[{"name":"wp","href":"https:\/\/api.w.org\/{rel}","templated":true}]}}