{"id":7256,"date":"2024-03-20T08:36:05","date_gmt":"2024-03-20T15:36:05","guid":{"rendered":"https:\/\/www.regioncuatronoticias.com\/?p=7256"},"modified":"2024-03-20T08:36:07","modified_gmt":"2024-03-20T15:36:07","slug":"insiste-galvez-que-en-mexico-estan-rebasados-los-limites-de-violencia","status":"publish","type":"post","link":"https:\/\/www.regioncuatronoticias.com\/index.php\/2024\/03\/20\/insiste-galvez-que-en-mexico-estan-rebasados-los-limites-de-violencia\/","title":{"rendered":"Insiste G\u00e1lvez que en M\u00e9xico est\u00e1n rebasados los l\u00edmites de violencia"},"content":{"rendered":"\n<p>Ciudad de M\u00e9xico. X\u00f3chitl G\u00e1lvez, candidata presidencal de PAN, PRI y PRD, asever\u00f3 que \u201choy M\u00e9xico ha rebasado todos los l\u00edmites de violencia, queda demostrado que este gobierno ha fracasado en su obligaci\u00f3n de garantizar la vida y la seguridad de las familias mexicanas. Hay que decirlo claramente, hoy la democracia mexicana esta en riesgo porque los mexicanos no tienen la libertad para decidir su voto\u201d.<\/p>\n\n\n\n<p>Ante ell\u00f3, exigi\u00f3: \u201cPresidente no puede usted seguir negando la realidad. Enfrente con valor su responsabilidad y no sea cobarde. Su obligaci\u00f3n es darle paz a las regiones de M\u00e9xico que hoy est\u00e1n controladas por la delincuencia organizada. No cierre los ojos presidente, la realidad le toca a la puerta todos los d\u00edas y usted se niega a enfrentarla\u201d.<\/p>\n\n\n\n<p>En su conferencia Sin Miedo a la Verdad, la aspirante presidencial resalt\u00f3: \u201chan sido asesinados 44 candidatos por el crimen organizado. Mi m\u00e1s sentido p\u00e9same a los familiares de los candidatos que tristemente han sido asesinados , ni ellos ni nadie merec\u00edan morir\u201d.<\/p>\n\n\n\n<p>G\u00e1lvez insisti\u00f3: &#8220;hoy M\u00e9xico ha rebasado todos los l\u00edmites de violencia. Los que nos atrevemos a participar en las contiendas electorales, muchos de ellos lo hacen arriesgando su vida y tambi\u00e9n hay que decirlo claramente\u201d.<\/p>\n\n\n\n<p>La candidata dijo que si los empresarios coinciden con un diagn\u00f3stico \u201ccon el que yo tambi\u00e9n coincido y que coinciden la mayor\u00eda de los mexicanos, pues, entonces, \u00bfQu\u00e9 necesitamos hacer? Pues apostarle a un proyecto que pretende corregir todo esto, que pretende apostarle a las energ\u00edas renovables, a que baje el costo de la electricidad, a que se nombre los comisionados del INAI, que se dejen de tener adjudicaciones directas en el gobierno, que volvamos a recuperar el nuevo Seguro Popular. Una candidata que as\u00ed acepta divisi\u00f3n de poderes, pues s\u00ed, esa soy yo. Esa es mi agenda.<\/p>\n\n\n\n<p>\u201cEs que el pa\u00eds s\u00ed est\u00e1 mal. El pa\u00eds est\u00e1 inseguro. El pa\u00eds est\u00e1 con problemas de educaci\u00f3n. El pa\u00eds est\u00e1 con violencia. Entonces, \u00bfQu\u00e9 tienen que hacer estos hombres? Ponerse a las pilas. Los empresarios de repente les da miedo. Yo me siento con empresarios ahora que estuve en Campeche, y todos se quejan. No les paga Pemex, los maltrata, los amenazan, hay quien de plano ni va a las reuniones porque le llamaron de la oficina de la gobernadora. Y pues as\u00ed no vamos a cambiar el pa\u00eds.<\/p>\n\n\n\n<p>\u201cSi est\u00e1n conscientes que el pa\u00eds no est\u00e1 caminando, como est\u00e1 caminando en este gobierno, pues tiene que dar un paso al frente. Tienen que ser valientes, que ser entrones, tienen que decir las cosas. Tienen que levantar la voz. Si se quedan agachados, pues despu\u00e9s que no digan, pues \u00bfpor qu\u00e9 nos pas\u00f3 lo que nos est\u00e1 pasando? Eso es algo que yo los convoqu\u00e9\u201d.<\/p>\n\n\n\n<p>Recalc\u00f3: \u201cquien crea en este proyecto, yo los convoco a que salgan a la calle, a que salgan a pelear, a que salgan a luchar, a que salgan a convencer, a que hablen con sus trabajadores. Yo no digo que amenacen a sus trabajadores, pero por lo menos que les digan: Oye, pues t\u00fa tienes derecho a tener seguro social\u201d.<\/p>\n","protected":false},"excerpt":{"rendered":"<p>Ciudad de M\u00e9xico. X\u00f3chitl G\u00e1lvez, candidata presidencal de PAN, PRI y PRD, asever\u00f3 que \u201choy M\u00e9xico ha rebasado todos los l\u00edmites de violencia, queda demostrado que este gobierno ha fracasado en su obligaci\u00f3n de garantizar la vida y la seguridad de las familias mexicanas. Hay que decirlo claramente, hoy la democracia mexicana esta en riesgo [&hellip;]<\/p>\n","protected":false},"author":1,"featured_media":7257,"comment_status":"open","ping_status":"open","sticky":false,"template":"","format":"standard","meta":{"content-type":"","footnotes":""},"categories":[123],"tags":[],"class_list":{"0":"post-7256","1":"post","2":"type-post","3":"status-publish","4":"format-standard","5":"has-post-thumbnail","7":"category-elecciones2024"},"_links":{"self":[{"href":"https:\/\/www.regioncuatronoticias.com\/index.php\/wp-json\/wp\/v2\/posts\/7256","targetHints":{"allow":["GET"]}}],"collection":[{"href":"https:\/\/www.regioncuatronoticias.com\/index.php\/wp-json\/wp\/v2\/posts"}],"about":[{"href":"https:\/\/www.regioncuatronoticias.com\/index.php\/wp-json\/wp\/v2\/types\/post"}],"author":[{"embeddable":true,"href":"https:\/\/www.regioncuatronoticias.com\/index.php\/wp-json\/wp\/v2\/users\/1"}],"replies":[{"embeddable":true,"href":"https:\/\/www.regioncuatronoticias.com\/index.php\/wp-json\/wp\/v2\/comments?post=7256"}],"version-history":[{"count":1,"href":"https:\/\/www.regioncuatronoticias.com\/index.php\/wp-json\/wp\/v2\/posts\/7256\/revisions"}],"predecessor-version":[{"id":7258,"href":"https:\/\/www.regioncuatronoticias.com\/index.php\/wp-json\/wp\/v2\/posts\/7256\/revisions\/7258"}],"wp:featuredmedia":[{"embeddable":true,"href":"https:\/\/www.regioncuatronoticias.com\/index.php\/wp-json\/wp\/v2\/media\/7257"}],"wp:attachment":[{"href":"https:\/\/www.regioncuatronoticias.com\/index.php\/wp-json\/wp\/v2\/media?parent=7256"}],"wp:term":[{"taxonomy":"category","embeddable":true,"href":"https:\/\/www.regioncuatronoticias.com\/index.php\/wp-json\/wp\/v2\/categories?post=7256"},{"taxonomy":"post_tag","embeddable":true,"href":"https:\/\/www.regioncuatronoticias.com\/index.php\/wp-json\/wp\/v2\/tags?post=7256"}],"curies":[{"name":"wp","href":"https:\/\/api.w.org\/{rel}","templated":true}]}}