{"id":7180,"date":"2024-03-19T08:54:40","date_gmt":"2024-03-19T15:54:40","guid":{"rendered":"https:\/\/www.regioncuatronoticias.com\/?p=7180"},"modified":"2024-03-19T08:54:42","modified_gmt":"2024-03-19T15:54:42","slug":"cuanto-cuesta-el-xochibus-el-transporte-rosa-con-el-que-xochitl-galvez-recorrera-el-pais","status":"publish","type":"post","link":"https:\/\/www.regioncuatronoticias.com\/index.php\/2024\/03\/19\/cuanto-cuesta-el-xochibus-el-transporte-rosa-con-el-que-xochitl-galvez-recorrera-el-pais\/","title":{"rendered":"Cu\u00e1nto cuesta el X\u00f3chibus, el transporte rosa con el que X\u00f3chitl G\u00e1lvez recorrer\u00e1 el pa\u00eds"},"content":{"rendered":"\n<p>Un cami\u00f3n con 32 asientos, al menos dos mesas y dos ba\u00f1os, ser\u00e1 el veh\u00edculo en el que X\u00f3chitl G\u00e1lvez recorrer\u00e1 parte del pa\u00eds durante lo que resta de su campa\u00f1a, el cual ya tuvo ya su primer recorrido al trasladar a la candidata a la Presidencia por Fuerza y Coraz\u00f3n por M\u00e9xico de Campeche a Yucat\u00e1n.<\/p>\n\n\n\n<p>Fue el domingo en el estado de Campeche que el X\u00f3chibus pudo ser captado por diversos medios de comunicaci\u00f3n en el estado de Campeche, un hecho que caus\u00f3 la reacci\u00f3n de Jorge \u00c1lvarez M\u00e1ynez, candidato presidencial de Movimiento Ciudadano y quien desde el pasado 1 de marzo present\u00f3 su propio veh\u00edculo, tambi\u00e9n para trasladarse por el pa\u00eds en su campa\u00f1a.<\/p>\n\n\n\n<p>El emecista critic\u00f3 que X\u00f3chitl G\u00e1lvez le ha copiado diversas propuestas, desde el cierre de la refiner\u00eda de Cadereyta, Nuevo Le\u00f3n, la creaci\u00f3n de una academia policial y hasta la implementaci\u00f3n de este sistema de transporte. El suyo, llamado Fosfob\u00fas.<\/p>\n\n\n\n<p>Ahora, X\u00f3chitl G\u00e1lvez present\u00f3 oficialmente el X\u00f3chibus en el cual recorri\u00f3 carreteras de la Pen\u00ednsula de Yucat\u00e1n desde el estado de Campeche, desde San Francisco, y hasta M\u00e9rida, Yucat\u00e1n, un camino en el cual fue acompa\u00f1ada por reporteros que cubren la fuente.<\/p>\n\n\n\n<p>Se trata de un cami\u00f3n de la marca Marcopolo, aparentemente un modelo MP 120 o MP 120 Plus, el cual tendr\u00eda un costo millonario, de aproximadamente 3.9 millones de pesos en su venta en internet y si se tratase de un cami\u00f3n modelo 2018.<\/p>\n\n\n\n<p>De acuerdo con la descripci\u00f3n disponible en la p\u00e1gina oficial de Marco Polo, se trata de un veh\u00edculo \u201cde alto rendimiento\u201d tanto para mediana como larga distancia, y puede funcionar como un transporte ejecutivo en costas distancias.<\/p>\n\n\n\n<p>El modelo original cuenta con 46 asientos y dos ba\u00f1os, asientos con descansa piernas, cinturones de seguridad, monitores individuales, c\u00e1mara de reversa, conectores USB y termo de agua fr\u00eda y caliente. Asimismo, cuenta con sal\u00f3n de pasajeros con pantallas de 15 pulgadas, iluminaci\u00f3n interior de LED y portabultos.<\/p>\n\n\n\n<p>El veh\u00edculo tiene fue pintado de color rosa y en un costado puede verse el nombre \u201cX\u00f3chibus\u201d, con una fotograf\u00eda de la candidata a la Presidencial y la leyenda \u201cX\u00f3chitl Presidenta\u201d.<\/p>\n\n\n\n<p>En la parte inferior se puede ver la frase \u201cQue nadie te diga que no puedes\u201d, y en la parte superior se puede ver el nombre de la coalici\u00f3n Fuerza y Coraz\u00f3n por M\u00e9xico y la frase \u201cLa esperanza es nuestra\u201d.<\/p>\n\n\n\n<p>En la parte frontal el veh\u00edculo tiene tambi\u00e9n el color rosa presente, con s\u00f3lo el nombre X\u00f3chibus en la parte superior y el nombre de la coalici\u00f3n que X\u00f3chitl G\u00e1lvez representa en la parte inferior.<\/p>\n\n\n\n<p>Durante el trayecto, la candidata a la Presidencia habl\u00f3 con medios de comunicaci\u00f3n sobre los personajes que podr\u00edan tener expedientes por irregularidades en su gesti\u00f3n y, de manera espec\u00edfica, habl\u00f3 sobre Ana Gabriela Guevara, titular de la Comisi\u00f3n de Cultura F\u00edsica y Deporte (Conade) e Ignacio Ovalle, extitular de Seguridad Alimentaria Mexicana (Segalmex).<\/p>\n","protected":false},"excerpt":{"rendered":"<p>Un cami\u00f3n con 32 asientos, al menos dos mesas y dos ba\u00f1os, ser\u00e1 el veh\u00edculo en el que X\u00f3chitl G\u00e1lvez recorrer\u00e1 parte del pa\u00eds durante lo que resta de su campa\u00f1a, el cual ya tuvo ya su primer recorrido al trasladar a la candidata a la Presidencia por Fuerza y Coraz\u00f3n por M\u00e9xico de Campeche [&hellip;]<\/p>\n","protected":false},"author":1,"featured_media":7181,"comment_status":"open","ping_status":"open","sticky":false,"template":"","format":"standard","meta":{"content-type":"","footnotes":""},"categories":[123],"tags":[],"class_list":{"0":"post-7180","1":"post","2":"type-post","3":"status-publish","4":"format-standard","5":"has-post-thumbnail","7":"category-elecciones2024"},"_links":{"self":[{"href":"https:\/\/www.regioncuatronoticias.com\/index.php\/wp-json\/wp\/v2\/posts\/7180","targetHints":{"allow":["GET"]}}],"collection":[{"href":"https:\/\/www.regioncuatronoticias.com\/index.php\/wp-json\/wp\/v2\/posts"}],"about":[{"href":"https:\/\/www.regioncuatronoticias.com\/index.php\/wp-json\/wp\/v2\/types\/post"}],"author":[{"embeddable":true,"href":"https:\/\/www.regioncuatronoticias.com\/index.php\/wp-json\/wp\/v2\/users\/1"}],"replies":[{"embeddable":true,"href":"https:\/\/www.regioncuatronoticias.com\/index.php\/wp-json\/wp\/v2\/comments?post=7180"}],"version-history":[{"count":1,"href":"https:\/\/www.regioncuatronoticias.com\/index.php\/wp-json\/wp\/v2\/posts\/7180\/revisions"}],"predecessor-version":[{"id":7182,"href":"https:\/\/www.regioncuatronoticias.com\/index.php\/wp-json\/wp\/v2\/posts\/7180\/revisions\/7182"}],"wp:featuredmedia":[{"embeddable":true,"href":"https:\/\/www.regioncuatronoticias.com\/index.php\/wp-json\/wp\/v2\/media\/7181"}],"wp:attachment":[{"href":"https:\/\/www.regioncuatronoticias.com\/index.php\/wp-json\/wp\/v2\/media?parent=7180"}],"wp:term":[{"taxonomy":"category","embeddable":true,"href":"https:\/\/www.regioncuatronoticias.com\/index.php\/wp-json\/wp\/v2\/categories?post=7180"},{"taxonomy":"post_tag","embeddable":true,"href":"https:\/\/www.regioncuatronoticias.com\/index.php\/wp-json\/wp\/v2\/tags?post=7180"}],"curies":[{"name":"wp","href":"https:\/\/api.w.org\/{rel}","templated":true}]}}