{"id":7012,"date":"2024-03-15T08:52:33","date_gmt":"2024-03-15T15:52:33","guid":{"rendered":"https:\/\/www.regioncuatronoticias.com\/?p=7012"},"modified":"2024-03-15T08:52:35","modified_gmt":"2024-03-15T15:52:35","slug":"rescatan-el-surrealismo-de-emilio-ortiz-en-el-espectaculo-entre-la-ruptura-y-el-presente","status":"publish","type":"post","link":"https:\/\/www.regioncuatronoticias.com\/index.php\/2024\/03\/15\/rescatan-el-surrealismo-de-emilio-ortiz-en-el-espectaculo-entre-la-ruptura-y-el-presente\/","title":{"rendered":"Rescatan el surrealismo de Emilio Ortiz en el espect\u00e1culo &#8216;Entre la Ruptura y el presente&#8217;"},"content":{"rendered":"\n<p>Ciudad de M\u00e9xico. El pintor, escultor y grabador Emilio Ortiz (1936-1987) vivi\u00f3 entre p\u00e1jaros, jirafas, hilos y canastas, elementos que pint\u00f3 y esculpi\u00f3 para crear mundos fant\u00e1sticos habitados por perros de dos cabezas y personajes h\u00edbridos entre seres humanos y p\u00e1jaros.<\/p>\n\n\n\n<p>Ahora, esos universos vuelven a cobrar br\u00edos gracias al espect\u00e1culo Entre la Ruptura y el presente: La ca\u00edda del tiempo, que se presenta hoy a las 19 horas en el Sal\u00f3n Paraninfo del Palacio de la Escuela de Medicina de la UNAM (Brasil 33, Centro Hist\u00f3rico), con entrada libre.<\/p>\n\n\n\n<p>Creado y protagonizado por su hija, la escritora y narradora Valentina Ortiz Pandolfi, se trata de una pieza esc\u00e9nica que entreteje la narraci\u00f3n oral y la improvisaci\u00f3n musical para rendir homenaje al artista poblano, integrante de la generaci\u00f3n de la Ruptura, cuya obra se distingue por tener un pie en el surrealismo y otro en el realismo m\u00e1gico.<\/p>\n\n\n\n<p>El punto de partida de esta propuesta, en la que tambi\u00e9n participa la chelista Natalia P\u00e9rez Turner, son 10 relatos escritos por Ortiz Pandolfi entre noviembre y diciembre del a\u00f1o pasado a partir de igual n\u00famero de pinturas de su padre, dej\u00e1ndose llevar por la pr\u00e1ctica surrealista de la escritura autom\u00e1tica.<\/p>\n\n\n\n<p>Fue un ejercicio, refiere, que la llev\u00f3 a evocar sus d\u00edas de infancia al lado de su padre y la manera en que \u00e9ste, sin que ella lo supiera, le comparti\u00f3 su inter\u00e9s por el dada\u00edsmo y el surrealismo, as\u00ed como su manera de crear y trabajar.<\/p>\n\n\n\n<p>En esos cuentos no busco que haya un sentido ni una l\u00f3gica razonada. Fue un proceso muy interesante, nuevo para m\u00ed, desde la intuici\u00f3n. Tuve que desechar la primera versi\u00f3n, estaba muy presente porque el suicidio de un padre nunca es f\u00e1cil, explica.<\/p>\n\n\n\n<p>\u201cLa segunda etapa fue seguir el impulso desde lo que miraba en los cuadros. Me gusta mucho el resultado porque se dio dentro de ese juego que mi pap\u00e1 planteaba como ejemplar de lo que es el realismo m\u00e1gico, con sus personajes h\u00edbridos entre humanos y p\u00e1jaros, hombres con rostro de ave y perros de dos cabezas.<\/p>\n\n\n\n<p>Esos seres fueron cobrando vida en mi trabajo; son cuentos muy l\u00fadicos, pero tambi\u00e9n en los que est\u00e1 muy presente la reflexi\u00f3n sobre la vida y la muerte, respetando la decisi\u00f3n de alguien de decidir cu\u00e1ndo es su fecha de salida de este mundo.<\/p>\n\n\n\n<p>En entrevista con La Jornada, la tambi\u00e9n int\u00e9rprete de m\u00fasica popular, nacida en la Ciudad de M\u00e9xico en 1963, cuenta que escribir esos relatos le abrieron una ventanita al movimiento de las artes pl\u00e1sticas de los a\u00f1os 70 en nuestro pa\u00eds, desde la cual pudo advertir los intereses e influencias que motivaron a otros artistas de esa generaci\u00f3n, entre ellos Francisco Toledo y Jos\u00e9 Luis Cuevas.<\/p>\n\n\n\n<p>Destaca que tambi\u00e9n descubri\u00f3 el inter\u00e9s de Emilio Ortiz por los nahuales y el ch\u2019ulel, ese concepto sobre el alma perdida que tienen los ind\u00edgenas de Chiapas. Mi pap\u00e1 es la aleaci\u00f3n de un mundo de realidades alternas simult\u00e1neas de los pueblos originarios de M\u00e9xico con el surrealismo europeo.<\/p>\n\n\n\n<p>Precisa que su reto fue c\u00f3mo acceder a mundos alternos y darles ese valor, pero consider\u00e1ndolos una realidad. Entonces, juego mucho con que la fantas\u00eda es igual a la realidad y qu\u00e9 pasa cuando la realidad es m\u00e1s fant\u00e1stica que la fantas\u00eda.<\/p>\n\n\n\n<p>De acuerdo con la creadora, Entre la Ruptura y el presente: La ca\u00edda del tiempo tiene mucho de performance, no s\u00f3lo porque mostrar\u00e1 tambi\u00e9n esculturas inacabadas de su padre y reproducciones de otras obras, sino porque, al no contar con un guion, el espect\u00e1culo tendr\u00e1 mucha improvisaci\u00f3n.<\/p>\n\n\n\n<p>Natalia es una chelista sensacional. Ha dedicado su vida a la improvisaci\u00f3n desde la m\u00fasica contempor\u00e1nea. Es hija del mejor amigo de mi pap\u00e1, Tom\u00e1s P\u00e9rez Turrent (guionista y director), por lo que conoce muy bien ese mundo de mi pap\u00e1 donde la magia era realidad.<\/p>\n\n\n\n<p>En espera de presentar esta pieza en museos de la Ciudad de M\u00e9xico y Puebla, Valentina Ortiz anuncia que grabar\u00e1 la funci\u00f3n de hoy para despu\u00e9s exhibirla en redes sociales, entre \u00e9stas YouTube. A la par, proseguir\u00e1 con el proyecto de grabar cada uno de los relatos inspirados en esas 10 obras de su padre como parte del incentivo recibido en 2022 por el Sistema de Apoyos a la Creaci\u00f3n y Proyectos Culturales de la Secretar\u00eda de Cultura federal.<\/p>\n","protected":false},"excerpt":{"rendered":"<p>Ciudad de M\u00e9xico. El pintor, escultor y grabador Emilio Ortiz (1936-1987) vivi\u00f3 entre p\u00e1jaros, jirafas, hilos y canastas, elementos que pint\u00f3 y esculpi\u00f3 para crear mundos fant\u00e1sticos habitados por perros de dos cabezas y personajes h\u00edbridos entre seres humanos y p\u00e1jaros. Ahora, esos universos vuelven a cobrar br\u00edos gracias al espect\u00e1culo Entre la Ruptura y [&hellip;]<\/p>\n","protected":false},"author":1,"featured_media":7013,"comment_status":"open","ping_status":"open","sticky":false,"template":"","format":"standard","meta":{"content-type":"","footnotes":""},"categories":[112],"tags":[],"class_list":{"0":"post-7012","1":"post","2":"type-post","3":"status-publish","4":"format-standard","5":"has-post-thumbnail","7":"category-cultura"},"_links":{"self":[{"href":"https:\/\/www.regioncuatronoticias.com\/index.php\/wp-json\/wp\/v2\/posts\/7012","targetHints":{"allow":["GET"]}}],"collection":[{"href":"https:\/\/www.regioncuatronoticias.com\/index.php\/wp-json\/wp\/v2\/posts"}],"about":[{"href":"https:\/\/www.regioncuatronoticias.com\/index.php\/wp-json\/wp\/v2\/types\/post"}],"author":[{"embeddable":true,"href":"https:\/\/www.regioncuatronoticias.com\/index.php\/wp-json\/wp\/v2\/users\/1"}],"replies":[{"embeddable":true,"href":"https:\/\/www.regioncuatronoticias.com\/index.php\/wp-json\/wp\/v2\/comments?post=7012"}],"version-history":[{"count":1,"href":"https:\/\/www.regioncuatronoticias.com\/index.php\/wp-json\/wp\/v2\/posts\/7012\/revisions"}],"predecessor-version":[{"id":7014,"href":"https:\/\/www.regioncuatronoticias.com\/index.php\/wp-json\/wp\/v2\/posts\/7012\/revisions\/7014"}],"wp:featuredmedia":[{"embeddable":true,"href":"https:\/\/www.regioncuatronoticias.com\/index.php\/wp-json\/wp\/v2\/media\/7013"}],"wp:attachment":[{"href":"https:\/\/www.regioncuatronoticias.com\/index.php\/wp-json\/wp\/v2\/media?parent=7012"}],"wp:term":[{"taxonomy":"category","embeddable":true,"href":"https:\/\/www.regioncuatronoticias.com\/index.php\/wp-json\/wp\/v2\/categories?post=7012"},{"taxonomy":"post_tag","embeddable":true,"href":"https:\/\/www.regioncuatronoticias.com\/index.php\/wp-json\/wp\/v2\/tags?post=7012"}],"curies":[{"name":"wp","href":"https:\/\/api.w.org\/{rel}","templated":true}]}}