{"id":6945,"date":"2024-03-14T13:55:00","date_gmt":"2024-03-14T20:55:00","guid":{"rendered":"https:\/\/www.regioncuatronoticias.com\/?p=6945"},"modified":"2024-03-14T13:55:02","modified_gmt":"2024-03-14T20:55:02","slug":"aprueba-el-parlamento-espanol-la-ley-de-amnistia","status":"publish","type":"post","link":"https:\/\/www.regioncuatronoticias.com\/index.php\/2024\/03\/14\/aprueba-el-parlamento-espanol-la-ley-de-amnistia\/","title":{"rendered":"Aprueba el Parlamento espa\u00f1ol la ley de amnist\u00eda"},"content":{"rendered":"\n<p>Madrid. El Parlamento espa\u00f1ol aprob\u00f3 finalmente la nueva ley general de amnist\u00eda, presentada por la coalici\u00f3n del gobierno del Partido Socialista Obrero Espa\u00f1ol (PSOE) y Sumar, que pactaron con las fuerzas separatistas catalanas la aprobaci\u00f3n de esta normativa a cambio del apoyo de esos grupos pol\u00edticos a la investidura del presidente Pedro S\u00e1nchez para gobernar el pa\u00eds los pr\u00f3ximos cuatro a\u00f1os.<\/p>\n\n\n\n<p>Desde el separatismo catal\u00e1n se recibi\u00f3 con euforia la medida y anunciaron el siguiente paso en su hoja de ruta: la celebraci\u00f3n de un referendo de independencia, que permita alcanzar el objetivo final de la secesi\u00f3n del Estado espa\u00f1ol y la creaci\u00f3n de una nueva Rep\u00fablica independiente y europea.<\/p>\n\n\n\n<p>La votaci\u00f3n fue ajustada, pero suficiente para la superaci\u00f3n del primer tr\u00e1mite parlamentario de la ley: 178 votos a favor, frente a 172 en contra. Los partidos que respaldaron la ley son el PSOE, Sumar, Esquerra Republicana de Catalunya (ERC), Junts per Catalunya (JxCat), Partido Nacionalista Vasco (PNV), EH-Bildu, Podemos, Bloque Nacionalista Galego (BNG) y el diputado independiente y ex ministro del gobierno socialista, Jos\u00e9 Luis \u00c1balos, que se dio de baja de su partido por el estallido de un caso de corrupci\u00f3n que le afecta de forma directa. Mientras que votaron en contra el conjunto de la derecha y la extrema derecha espa\u00f1olista, el Partido Popular (PP), Vox, Uni\u00f3n del Pueblo Navarro y Coalici\u00f3n Canaria (CC).<\/p>\n\n\n\n<p>La ley de amnist\u00eda ahora tendr\u00e1 que ser sometida a debate y votaci\u00f3n en la otra c\u00e1mara legislativa, el Senado, donde ser\u00e1 previsiblemente rechazada por la mayor\u00eda absoluta del PP en un par de meses. A partir de ah\u00ed tendr\u00e1 que ser devuelta al Parlamento espa\u00f1ol, donde ser\u00e1 refrendada definitivamente para su aprobaci\u00f3n, que se har\u00e1 efectiva cuando el Ejecutivo la redacte y la publique en el Bolet\u00edn Oficial del Estado, probablamente a finales de mayo pr\u00f3ximo, que es cuando entrar\u00e1 en vigor.<\/p>\n\n\n\n<p>La legislaci\u00f3n aprobada fue finalmente la que convenci\u00f3 en todos los puntos a la formaci\u00f3n liderada por el ex presidente catal\u00e1n Carles Puigdemont, que exigi\u00f3 una serie de medidas que no estaban contempladas en el redactado original, entre ellas la incorporaci\u00f3n de una serie de delitos y figuras penales, como el terrorismo sin vulnerar los derechos humanos y acorde a la legislaci\u00f3n europea, la alta traici\u00f3n, la malversaci\u00f3n de caudales p\u00fablicos y la desobediencia. Adem\u00e1s, Puigdemont solicit\u00f3 la ampliaci\u00f3n del periodo temporal de la aplicaci\u00f3n de la ley, que abarcar\u00e1 desde finales del 2011 hasta finales del 2023.<\/p>\n\n\n\n<p>Durante el debate parlamentario, que el gobierno se\u00f1al\u00f3 como la \u201cley m\u00e1s importante de la legislatura\u201d, llam\u00f3 la atenci\u00f3n de la ausencia del presidente del gobierno, Pedro S\u00e1nchez, que no fue el responsable de defender la norma en representaci\u00f3n de su grupo parlamentario, que fue responsabilidad del vocero, Patxi L\u00f3pez. El mandatario se limit\u00f3 a publicar un mensaje en las redes sociales, en el que se\u00f1al\u00f3 que \u201ces un paso valiente y necesario hacia el reencuentro. Con la aprobaci\u00f3n de la ley amnist\u00eda abrimos un tiempo nuevo de convivencia y prosperidad en Catalu\u00f1a\u201d.<\/p>\n\n\n\n<p>A pesar de que en los partidos del gobierno hab\u00eda por un lado euforia por la aprobaci\u00f3n de la ley, tambi\u00e9n hab\u00eda cierta desaz\u00f3n porque una de las consecuencias indirectas de sacar adelante la amnist\u00eda era la apertura de un proceso negociador para los presupuestos generales del Estado, pero con el adelanto electoral en Catalu\u00f1a, el gobierno de S\u00e1nchez finalmente decidi\u00f3 no abrir esa mesa negociadora ante su inminente fracaso ante la deriva electoral en la que est\u00e1n inmersos desde ayer los partidos independentistas catalanes.<\/p>\n\n\n\n<p>A\u00fan as\u00ed, tanto la vocera de JxCat en el Congreso, Miriam Nogueras, como de ERC, Gabriel Rufi\u00e1n, celebraron la legislaci\u00f3n, pero tambi\u00e9n advirtieron que es tan s\u00f3lo un paso m\u00e1s en la ruta que iniciaron hace unos a\u00f1os y que tiene como \u00faltimo fin la independencia de Catalu\u00f1a. \u201cEsto no es un punto y final. Seguiremos haciendo pol\u00edtica de igual a igual buscando nuestro objetivo final, que es la independencia de nuestro pa\u00eds, de Catalu\u00f1a\u201d, se\u00f1al\u00f3 Nogueras.<\/p>\n\n\n\n<p>En el lado opuesto, en el de la derecha y la extrema derecha espa\u00f1olista, la aprobaci\u00f3n de la ley provoc\u00f3 c\u00f3lera e indignaci\u00f3n. El l\u00edder del PP, Alberto N\u00fa\u00f1ez Feij\u00f3o, insisti\u00f3 en que derogar\u00e1 la ley si logra forma gobierno en el futuro y advirti\u00f3 que \u201cesta ley se va a aprobar porque es la \u00fanica forma de que el se\u00f1or S\u00e1nchez siga siendo m\u00e1s tiempo presidente de Gobierno. No nos vengan con convivencia. Esta ley divide a Espa\u00f1a en dos y divide en Catalu\u00f1a en dos. Esto no es reconciliaci\u00f3n, sino sumisi\u00f3n\u201d. Mientras que Santiago Abascal, de Vox, tild\u00f3 la ley de \u201cun colosal acto de corrupci\u00f3n\u201d adoptado por una \u201cbanda de forajidos que han asaltado el Parlamento\u201d.<\/p>\n","protected":false},"excerpt":{"rendered":"<p>Madrid. El Parlamento espa\u00f1ol aprob\u00f3 finalmente la nueva ley general de amnist\u00eda, presentada por la coalici\u00f3n del gobierno del Partido Socialista Obrero Espa\u00f1ol (PSOE) y Sumar, que pactaron con las fuerzas separatistas catalanas la aprobaci\u00f3n de esta normativa a cambio del apoyo de esos grupos pol\u00edticos a la investidura del presidente Pedro S\u00e1nchez para gobernar [&hellip;]<\/p>\n","protected":false},"author":1,"featured_media":6946,"comment_status":"open","ping_status":"open","sticky":false,"template":"","format":"standard","meta":{"content-type":"","footnotes":""},"categories":[7],"tags":[],"class_list":{"0":"post-6945","1":"post","2":"type-post","3":"status-publish","4":"format-standard","5":"has-post-thumbnail","7":"category-internacional"},"_links":{"self":[{"href":"https:\/\/www.regioncuatronoticias.com\/index.php\/wp-json\/wp\/v2\/posts\/6945","targetHints":{"allow":["GET"]}}],"collection":[{"href":"https:\/\/www.regioncuatronoticias.com\/index.php\/wp-json\/wp\/v2\/posts"}],"about":[{"href":"https:\/\/www.regioncuatronoticias.com\/index.php\/wp-json\/wp\/v2\/types\/post"}],"author":[{"embeddable":true,"href":"https:\/\/www.regioncuatronoticias.com\/index.php\/wp-json\/wp\/v2\/users\/1"}],"replies":[{"embeddable":true,"href":"https:\/\/www.regioncuatronoticias.com\/index.php\/wp-json\/wp\/v2\/comments?post=6945"}],"version-history":[{"count":1,"href":"https:\/\/www.regioncuatronoticias.com\/index.php\/wp-json\/wp\/v2\/posts\/6945\/revisions"}],"predecessor-version":[{"id":6947,"href":"https:\/\/www.regioncuatronoticias.com\/index.php\/wp-json\/wp\/v2\/posts\/6945\/revisions\/6947"}],"wp:featuredmedia":[{"embeddable":true,"href":"https:\/\/www.regioncuatronoticias.com\/index.php\/wp-json\/wp\/v2\/media\/6946"}],"wp:attachment":[{"href":"https:\/\/www.regioncuatronoticias.com\/index.php\/wp-json\/wp\/v2\/media?parent=6945"}],"wp:term":[{"taxonomy":"category","embeddable":true,"href":"https:\/\/www.regioncuatronoticias.com\/index.php\/wp-json\/wp\/v2\/categories?post=6945"},{"taxonomy":"post_tag","embeddable":true,"href":"https:\/\/www.regioncuatronoticias.com\/index.php\/wp-json\/wp\/v2\/tags?post=6945"}],"curies":[{"name":"wp","href":"https:\/\/api.w.org\/{rel}","templated":true}]}}