{"id":6917,"date":"2024-03-14T13:45:18","date_gmt":"2024-03-14T20:45:18","guid":{"rendered":"https:\/\/www.regioncuatronoticias.com\/?p=6917"},"modified":"2024-03-14T13:45:19","modified_gmt":"2024-03-14T20:45:19","slug":"aprueban-creacion-de-procuraduria-de-la-defensa-de-las-personas-con-discapacidad","status":"publish","type":"post","link":"https:\/\/www.regioncuatronoticias.com\/index.php\/2024\/03\/14\/aprueban-creacion-de-procuraduria-de-la-defensa-de-las-personas-con-discapacidad\/","title":{"rendered":"Aprueban creaci\u00f3n de Procuradur\u00eda de la Defensa de las Personas con Discapacidad"},"content":{"rendered":"\n<p>Hermosillo, Sonora, 14 de marzo de 2024.- Para brindar protecci\u00f3n y asistencia en asuntos relacionados con las personas con discapacidad, se aprob\u00f3 el proyecto de dictamen que crea la Procuradur\u00eda de la Defensa de las Personas con Discapacidad, en las comisiones unidas de Gobernaci\u00f3n y Puntos Constitucionales, Justicia y Derechos Humanos, y de Atenci\u00f3n a Grupos Vulnerables de la Sociedad.<\/p>\n\n\n\n<p>A trav\u00e9s de la iniciativa se reform\u00f3 la Ley para la Inclusi\u00f3n y Desarrollo de las Personas con Discapacidad o en Situaci\u00f3n de Discapacidad del Estado de Sonora, para establecer la creaci\u00f3n de la nueva instituci\u00f3n como una herramienta necesaria para garantizar los derechos humanos de este grupo social.<\/p>\n","protected":false},"excerpt":{"rendered":"<p>Hermosillo, Sonora, 14 de marzo de 2024.- Para brindar protecci\u00f3n y asistencia en asuntos relacionados con las personas con discapacidad, se aprob\u00f3 el proyecto de dictamen que crea la Procuradur\u00eda de la Defensa de las Personas con Discapacidad, en las comisiones unidas de Gobernaci\u00f3n y Puntos Constitucionales, Justicia y Derechos Humanos, y de Atenci\u00f3n a [&hellip;]<\/p>\n","protected":false},"author":1,"featured_media":6918,"comment_status":"open","ping_status":"open","sticky":false,"template":"","format":"standard","meta":{"content-type":"","footnotes":""},"categories":[9],"tags":[],"class_list":{"0":"post-6917","1":"post","2":"type-post","3":"status-publish","4":"format-standard","5":"has-post-thumbnail","7":"category-sonora"},"_links":{"self":[{"href":"https:\/\/www.regioncuatronoticias.com\/index.php\/wp-json\/wp\/v2\/posts\/6917","targetHints":{"allow":["GET"]}}],"collection":[{"href":"https:\/\/www.regioncuatronoticias.com\/index.php\/wp-json\/wp\/v2\/posts"}],"about":[{"href":"https:\/\/www.regioncuatronoticias.com\/index.php\/wp-json\/wp\/v2\/types\/post"}],"author":[{"embeddable":true,"href":"https:\/\/www.regioncuatronoticias.com\/index.php\/wp-json\/wp\/v2\/users\/1"}],"replies":[{"embeddable":true,"href":"https:\/\/www.regioncuatronoticias.com\/index.php\/wp-json\/wp\/v2\/comments?post=6917"}],"version-history":[{"count":1,"href":"https:\/\/www.regioncuatronoticias.com\/index.php\/wp-json\/wp\/v2\/posts\/6917\/revisions"}],"predecessor-version":[{"id":6919,"href":"https:\/\/www.regioncuatronoticias.com\/index.php\/wp-json\/wp\/v2\/posts\/6917\/revisions\/6919"}],"wp:featuredmedia":[{"embeddable":true,"href":"https:\/\/www.regioncuatronoticias.com\/index.php\/wp-json\/wp\/v2\/media\/6918"}],"wp:attachment":[{"href":"https:\/\/www.regioncuatronoticias.com\/index.php\/wp-json\/wp\/v2\/media?parent=6917"}],"wp:term":[{"taxonomy":"category","embeddable":true,"href":"https:\/\/www.regioncuatronoticias.com\/index.php\/wp-json\/wp\/v2\/categories?post=6917"},{"taxonomy":"post_tag","embeddable":true,"href":"https:\/\/www.regioncuatronoticias.com\/index.php\/wp-json\/wp\/v2\/tags?post=6917"}],"curies":[{"name":"wp","href":"https:\/\/api.w.org\/{rel}","templated":true}]}}