{"id":6908,"date":"2024-03-14T13:43:13","date_gmt":"2024-03-14T20:43:13","guid":{"rendered":"https:\/\/www.regioncuatronoticias.com\/?p=6908"},"modified":"2024-03-14T13:43:15","modified_gmt":"2024-03-14T20:43:15","slug":"sismo-de-magnitud-5-8-sacude-las-costas-de-japon-se-percibe-en-tokio","status":"publish","type":"post","link":"https:\/\/www.regioncuatronoticias.com\/index.php\/2024\/03\/14\/sismo-de-magnitud-5-8-sacude-las-costas-de-japon-se-percibe-en-tokio\/","title":{"rendered":"Sismo de magnitud 5.8 sacude las costas de Jap\u00f3n; se percibe en Tokio"},"content":{"rendered":"\n<p>Un sismo de magnitud preliminar de 5.8 sacudi\u00f3 el este de Jap\u00f3n a primera hora del viernes (tiempo local), dijo la Agencia Meteorol\u00f3gica de Jap\u00f3n (JMA). El epicentro del terremoto se produjo frente a la costa de la prefectura de Fukushima a las 00:14 horas, dijo la agencia, a\u00f1adiendo que no se hab\u00eda emitido una alerta de tsunami.<\/p>\n\n\n\n<p>No hubo reportes inmediatos de da\u00f1os, pero el sismo se pudo percibir en diversas partes de Tokio. La compa\u00f1\u00eda el\u00e9ctrica TEPCO, a\u00f1adi\u00f3 que est\u00e1n comprobando actualmente si hay alguna anomal\u00eda en la central nuclear de Fukushima Daiichi causada por el sismo.&nbsp;<\/p>\n","protected":false},"excerpt":{"rendered":"<p>Un sismo de magnitud preliminar de 5.8 sacudi\u00f3 el este de Jap\u00f3n a primera hora del viernes (tiempo local), dijo la Agencia Meteorol\u00f3gica de Jap\u00f3n (JMA). El epicentro del terremoto se produjo frente a la costa de la prefectura de Fukushima a las 00:14 horas, dijo la agencia, a\u00f1adiendo que no se hab\u00eda emitido una [&hellip;]<\/p>\n","protected":false},"author":1,"featured_media":6909,"comment_status":"open","ping_status":"open","sticky":false,"template":"","format":"standard","meta":{"content-type":"","footnotes":""},"categories":[7],"tags":[],"class_list":{"0":"post-6908","1":"post","2":"type-post","3":"status-publish","4":"format-standard","5":"has-post-thumbnail","7":"category-internacional"},"_links":{"self":[{"href":"https:\/\/www.regioncuatronoticias.com\/index.php\/wp-json\/wp\/v2\/posts\/6908","targetHints":{"allow":["GET"]}}],"collection":[{"href":"https:\/\/www.regioncuatronoticias.com\/index.php\/wp-json\/wp\/v2\/posts"}],"about":[{"href":"https:\/\/www.regioncuatronoticias.com\/index.php\/wp-json\/wp\/v2\/types\/post"}],"author":[{"embeddable":true,"href":"https:\/\/www.regioncuatronoticias.com\/index.php\/wp-json\/wp\/v2\/users\/1"}],"replies":[{"embeddable":true,"href":"https:\/\/www.regioncuatronoticias.com\/index.php\/wp-json\/wp\/v2\/comments?post=6908"}],"version-history":[{"count":1,"href":"https:\/\/www.regioncuatronoticias.com\/index.php\/wp-json\/wp\/v2\/posts\/6908\/revisions"}],"predecessor-version":[{"id":6910,"href":"https:\/\/www.regioncuatronoticias.com\/index.php\/wp-json\/wp\/v2\/posts\/6908\/revisions\/6910"}],"wp:featuredmedia":[{"embeddable":true,"href":"https:\/\/www.regioncuatronoticias.com\/index.php\/wp-json\/wp\/v2\/media\/6909"}],"wp:attachment":[{"href":"https:\/\/www.regioncuatronoticias.com\/index.php\/wp-json\/wp\/v2\/media?parent=6908"}],"wp:term":[{"taxonomy":"category","embeddable":true,"href":"https:\/\/www.regioncuatronoticias.com\/index.php\/wp-json\/wp\/v2\/categories?post=6908"},{"taxonomy":"post_tag","embeddable":true,"href":"https:\/\/www.regioncuatronoticias.com\/index.php\/wp-json\/wp\/v2\/tags?post=6908"}],"curies":[{"name":"wp","href":"https:\/\/api.w.org\/{rel}","templated":true}]}}