{"id":6857,"date":"2024-03-13T13:04:37","date_gmt":"2024-03-13T20:04:37","guid":{"rendered":"https:\/\/www.regioncuatronoticias.com\/?p=6857"},"modified":"2024-03-13T13:04:39","modified_gmt":"2024-03-13T20:04:39","slug":"rusia-preparada-para-guerra-nuclear-advierte-putin","status":"publish","type":"post","link":"https:\/\/www.regioncuatronoticias.com\/index.php\/2024\/03\/13\/rusia-preparada-para-guerra-nuclear-advierte-putin\/","title":{"rendered":"Rusia, &#8220;preparada&#8221; para guerra nuclear, advierte Putin"},"content":{"rendered":"\n<p>Mosc\u00fa. El titular del Kremlin, Vladimir Putin, advirti\u00f3 este mi\u00e9rcoles a Estados Unidos y sus aliados que Rusia \u201cest\u00e1 preparada\u201d para una guerra nuclear, pero reiter\u00f3 que los documentos doctrinarios de este pa\u00eds definen claramente los supuestos en que el armamento de ese tipo podr\u00eda ser usado y, por tanto, \u201cnunca hubo necesidad\u201d de emplear armas de destrucci\u00f3n masiva durante su \u201coperaci\u00f3n militar especial\u201d en Ucrania.<\/p>\n\n\n\n<p>En v\u00edsperas de que comiencen los tres d\u00edas de votaci\u00f3n, del viernes al domingo siguientes, que van a permitirle, a falta de alternativas en las boletas, una f\u00e1cil reelecci\u00f3n para los pr\u00f3ximos seis a\u00f1os, Putin concedi\u00f3 una entrevista a Dimitri Kisiliov, director general del grupo de medios Rossiya Segodnia (Rusia Hoy), que se transmiti\u00f3 este mi\u00e9rcoles por el canal de la televisi\u00f3n p\u00fablica Rossiya-1, la agencia de prensa N\u00f3vosti y las otras plataformas del grupo.<\/p>\n\n\n\n<p>Preguntado si Rusia ha considerado la posibilidad de recurrir a su arsenal nuclear en Ucrania, Putin respondi\u00f3: \u201cLas armas existen para ser utilizadas. Tenemos nuestros propios principios, seg\u00fan los cuales estamos listos para utilizar las armas \u2013cualquier arma incluida la que usted mencion\u00f3\u2013 si se trata de proteger la existencia del Estado ruso o hay una amenaza para nuestra soberan\u00eda e independencia\u201d.<\/p>\n\n\n\n<p>En Ucrania, agreg\u00f3, \u201cnunca hubo necesidad de emplear armamento de esas caracter\u00edsticas\u201d y, en el hipot\u00e9tico caso de que estallara una guerra nuclear, \u201cdesde el punto de vista t\u00e9cnico y militar, por supuesto que estamos preparados\u201d, aunque, precisi\u00f3, \u201cen lo personal, no creo que Estados Unidos quiera desatar una guerra nuclear ma\u00f1ana mismo\u201d.<\/p>\n\n\n\n<p>Putin record\u00f3 que las fuerzas armadas de Rusia se encuentran \u201cen estado de alerta\u201d y se mostr\u00f3 orgulloso de su \u201ctr\u00edada nuclear\u201d, conformada por la aviaci\u00f3n estrat\u00e9gica, los misiles bal\u00edsticos intercontinentales y los submarinos at\u00f3micos, que dijo ser mejor que la que tiene Estados Unidos. Puso de ejemplo el misil hipers\u00f3nico Avangard (Vanguardia) que, en su opini\u00f3n, puede esquivar f\u00e1cilmente el escudo antimisiles de EU y cost\u00f3 \u201cmuch\u00edsimo menos\u201d que el sistema de defensa estadunidense.<\/p>\n\n\n\n<p>Para el presidente ruso la presencia de tropas extranjeras en el conflicto de Ucrania \u201cnada cambiar\u00eda en los campos de batalla\u201d, en alusi\u00f3n a la posibilidad que el presidente franc\u00e9s, Emmanuel Macron, mencion\u00f3 al revelar que se debat\u00eda al interior de la OTAN sin lograr todav\u00eda consenso.<\/p>\n\n\n\n<p>\u201cDe hecho, los militares de pa\u00edses occidentales est\u00e1n presentes en Ucrania desde hace mucho tiempo (\u2026) en forma de asesores, mercenarios extranjeros, y sufren p\u00e9rdidas. Pero si se tratara de contingentes militares oficiales de otros pa\u00edses, estoy seguro de que esto nada cambiar\u00eda la situaci\u00f3n en los campos de batalla. Eso es lo m\u00e1s importante. Del mismo modo que el suministro de armas no cambia nada\u201d, subray\u00f3.<\/p>\n\n\n\n<p>A\u00f1adi\u00f3: \u201cEstados Unidos anunci\u00f3 que no va a enviar tropas (a Ucrania). Sabemos lo que han sido las tropas estadunidenses en el territorio ruso: fueron invasoras, y as\u00ed las trataremos, incluso si aparecen en el territorio de Ucrania\u201d.<\/p>\n\n\n\n<p>Al contestar si Rusia est\u00e1 dispuesta a negociar con Ucrania, Putin enfatiz\u00f3: \u201cEstamos listos para negociar. Para no queremos negociaciones acerca de no s\u00e9 qu\u00e9 ocurrencias (del presidente ucranio, Volodymir Zelensky) despu\u00e9s de ingerir narc\u00f3ticos, sino basadas en las realidades que se han configurado, como se dice, sobre el terreno\u201d, esto es, a partir de que se acepte que Rusia no va a entregar ni un cent\u00edmetro de territorio ucranio conquistado. Tambi\u00e9n ser\u00eda necesario que le otorguen \u201cgarant\u00edas vinculantes\u201d de que \u201dno volver\u00e1n a enga\u00f1arnos, como (Ucrania y Occidente) han hecho tantas veces\u201d.<\/p>\n\n\n\n<p>Se\u00f1al\u00f3 tambi\u00e9n que el Kremlin no va a consentir que ning\u00fan pa\u00eds rebase las l\u00edneas rojas de Mosc\u00fa. \u201cRusia no tendr\u00e1 l\u00edneas rojas en relaci\u00f3n con los pa\u00edses (europeos que demandan medidas m\u00e1s dr\u00e1sticas como el env\u00edo de tropas a Ucrania) que dicen no tener l\u00edneas rojas respecto a Rusia, pero los que saben que habr\u00e1 consecuencias, se comportan de forma m\u00e1s moderada (teniendo en mente a Alemania que rechaza suministrar sus misiles Taurus) y es lo correcto\u201d, asever\u00f3.<\/p>\n\n\n\n<p>De acuerdo con el presidente ruso el ingreso de Finlandia y Suecia a la OTAN (Organizaci\u00f3n del Tratado del Atl\u00e1ntico Norte) carece de sentido. \u201c\u00bfPara qu\u00e9 lo hicieron? Honestamente, no lo entiendo. Es un paso absolutamente sin sentido desde el punto de vista de garantizar sus propios intereses nacionales\u201d, indic\u00f3 y explic\u00f3 que ahora Rusia se ver\u00e1 obligada a desplegar tropas y armamento en la frontera con Finlandia. \u201cLes corresponde a ellos decidir y tomaron esa decisi\u00f3n. Pero no ten\u00edamos tropas ah\u00ed, ahora las tendremos; ah\u00ed no hab\u00eda sistemas de destrucci\u00f3n masiva, ahora habr\u00e1\u201d, sentenci\u00f3.<\/p>\n\n\n\n<p>Sostuvo que Rusia no tiene intenci\u00f3n de interferir en las elecciones presidenciales de Estados Unidos y reiter\u00f3 que le da igual con qu\u00e9 inquilino de la Casa Blanca tendr\u00e1 que tratar despu\u00e9s de noviembre de este a\u00f1o, y volvi\u00f3 a advertir que tampoco permitir\u00e1 ninguna injerencia for\u00e1nea en los comicios presidenciales rusos.<\/p>\n\n\n\n<p>Putin concluy\u00f3 la entrevista convencido de que est\u00e1 haciendo lo correcto, \u201cen beneficio de nuestro pueblo\u201d, pues \u201csi no podemos defendernos, nadie nos va a tener en cuenta y las consecuencias podr\u00edan ser catastr\u00f3ficas para el Estado ruso\u201d.<\/p>\n\n\n\n<p>Agresi\u00f3n a opositor<\/p>\n\n\n\n<p>De Vilna, capital de Lituania, lleg\u00f3 la noticia de que la noche del martes Leonid Volkov, durante muchos a\u00f1os colaborador estrecho de Aleksei Navalny, l\u00edder de la oposici\u00f3n al Kremlin muerto en prisi\u00f3n el pasado mes de febrero, sufri\u00f3 una agresi\u00f3n al estacionar su coche junto a su casa, cuando un individuo no identificado le roci\u00f3 el rostro con un gas lacrim\u00f3geno y lo atac\u00f3 con un martillo, propin\u00e1ndole al menos 15 golpes en las piernas.<\/p>\n\n\n\n<p>Volkov, que se exili\u00f3 en Lituania cuando las autoridades rusas calificaron de \u201cextremistas\u201d e \u201cindeseadas\u201d las organizaciones fundadas por Navalny, describi\u00f3 el ataque en su contra como \u201cun saludo obvio, caracter\u00edstico del estilo g\u00e1nster de Putin\u201d.<\/p>\n","protected":false},"excerpt":{"rendered":"<p>Mosc\u00fa. El titular del Kremlin, Vladimir Putin, advirti\u00f3 este mi\u00e9rcoles a Estados Unidos y sus aliados que Rusia \u201cest\u00e1 preparada\u201d para una guerra nuclear, pero reiter\u00f3 que los documentos doctrinarios de este pa\u00eds definen claramente los supuestos en que el armamento de ese tipo podr\u00eda ser usado y, por tanto, \u201cnunca hubo necesidad\u201d de emplear [&hellip;]<\/p>\n","protected":false},"author":1,"featured_media":6858,"comment_status":"open","ping_status":"open","sticky":false,"template":"","format":"standard","meta":{"content-type":"","footnotes":""},"categories":[7],"tags":[],"class_list":{"0":"post-6857","1":"post","2":"type-post","3":"status-publish","4":"format-standard","5":"has-post-thumbnail","7":"category-internacional"},"_links":{"self":[{"href":"https:\/\/www.regioncuatronoticias.com\/index.php\/wp-json\/wp\/v2\/posts\/6857","targetHints":{"allow":["GET"]}}],"collection":[{"href":"https:\/\/www.regioncuatronoticias.com\/index.php\/wp-json\/wp\/v2\/posts"}],"about":[{"href":"https:\/\/www.regioncuatronoticias.com\/index.php\/wp-json\/wp\/v2\/types\/post"}],"author":[{"embeddable":true,"href":"https:\/\/www.regioncuatronoticias.com\/index.php\/wp-json\/wp\/v2\/users\/1"}],"replies":[{"embeddable":true,"href":"https:\/\/www.regioncuatronoticias.com\/index.php\/wp-json\/wp\/v2\/comments?post=6857"}],"version-history":[{"count":1,"href":"https:\/\/www.regioncuatronoticias.com\/index.php\/wp-json\/wp\/v2\/posts\/6857\/revisions"}],"predecessor-version":[{"id":6859,"href":"https:\/\/www.regioncuatronoticias.com\/index.php\/wp-json\/wp\/v2\/posts\/6857\/revisions\/6859"}],"wp:featuredmedia":[{"embeddable":true,"href":"https:\/\/www.regioncuatronoticias.com\/index.php\/wp-json\/wp\/v2\/media\/6858"}],"wp:attachment":[{"href":"https:\/\/www.regioncuatronoticias.com\/index.php\/wp-json\/wp\/v2\/media?parent=6857"}],"wp:term":[{"taxonomy":"category","embeddable":true,"href":"https:\/\/www.regioncuatronoticias.com\/index.php\/wp-json\/wp\/v2\/categories?post=6857"},{"taxonomy":"post_tag","embeddable":true,"href":"https:\/\/www.regioncuatronoticias.com\/index.php\/wp-json\/wp\/v2\/tags?post=6857"}],"curies":[{"name":"wp","href":"https:\/\/api.w.org\/{rel}","templated":true}]}}