{"id":6848,"date":"2024-03-13T12:54:28","date_gmt":"2024-03-13T19:54:28","guid":{"rendered":"https:\/\/www.regioncuatronoticias.com\/?p=6848"},"modified":"2024-03-13T12:54:31","modified_gmt":"2024-03-13T19:54:31","slug":"desmienten-en-espana-que-sanchez-se-refiriera-a-elecciones-mexicanas","status":"publish","type":"post","link":"https:\/\/www.regioncuatronoticias.com\/index.php\/2024\/03\/13\/desmienten-en-espana-que-sanchez-se-refiriera-a-elecciones-mexicanas\/","title":{"rendered":"Desmienten en Espa\u00f1a que S\u00e1nchez se refiriera a elecciones mexicanas"},"content":{"rendered":"\n<p>Madrid. Las afirmaciones que el Partido Revolucionario Institucional (PRI) atribuye al presidente del gobierno espa\u00f1ol y l\u00edder de la Internacional Socialista (IS), Pedro S\u00e1nchez, son \u201ccateg\u00f3ricamente falsas\u201d y fruto de una \u201cburda manipulaci\u00f3n\u201d del l\u00edder del tricolor, Alejandro Moreno C\u00e1rdenas, conocido como Alito Moreno, seg\u00fan confirmaron a La Jornada tanto fuentes del m\u00e1s alto nivel del Partido Socialista Obrero Espa\u00f1ol (PSOE) como de la propia IS.<\/p>\n\n\n\n<p>M\u00e1s a\u00fan, en la \u00fanica postura com\u00fan sobre M\u00e9xico de la \u00faltima reuni\u00f3n de la IS se expresa de forma n\u00edtida su \u201cconfianza\u201d en la actuaci\u00f3n del gobierno del presidente de M\u00e9xico, Andr\u00e9s Manuel L\u00f3pez Obrador, durante la contienda electoral de junio pr\u00f3ximo.<\/p>\n\n\n\n<p>Seg\u00fan la versi\u00f3n del PRI, que difundi\u00f3 en un comunicado el pasado domingo, Pedro S\u00e1nchez, en su calidad de presidente de la IS, expres\u00f3 unas duras palabras sobre el proceso electoral mexicano tanto en nombre propio como de la organizaci\u00f3n que preside.<\/p>\n\n\n\n<p>En el comunicado del PRI se llegaron a entrecomillar una palabras que atribuyeron al presidente S\u00e1nchez, que dec\u00edan literal: \u201cEs imperativo abordar el nexo entre el crimen organizado, la violencia pol\u00edtica y la erosi\u00f3n institucional para salvaguardar el futuro democr\u00e1tico de M\u00e9xico. La falta de acci\u00f3n podr\u00eda socavar a\u00fan m\u00e1s la confianza en los procesos democr\u00e1ticos y provocar un retroceso. Por lo tanto, es esencial actuar de manera concertada para contrarrestar las amenazas del crimen organizado y preservar las aspiraciones democr\u00e1ticas de M\u00e9xico\u201d.<\/p>\n\n\n\n<p>Este corresponsal consult\u00f3 hasta tres fuentes de instituciones distintas, el propio gobierno espa\u00f1ol, el PSOE y la IS, y en todas ellas reconocieron su \u201cperplejidad\u201d ante unas afirmaciones que en ning\u00fan caso son reales y que no expresan ni la postura del presidente del gobierno espa\u00f1ol ni del conjunto de partidos que integran la IS.<\/p>\n\n\n\n<p>\u201cEs una burda manipulaci\u00f3n\u201d, as\u00ed que \u201crechazamos categ\u00f3ricamente que esas declaraciones sean ver\u00eddicas\u201d, reconoci\u00f3 a La Jornada una fuente del m\u00e1s alto nivel de la IS.<\/p>\n","protected":false},"excerpt":{"rendered":"<p>Madrid. Las afirmaciones que el Partido Revolucionario Institucional (PRI) atribuye al presidente del gobierno espa\u00f1ol y l\u00edder de la Internacional Socialista (IS), Pedro S\u00e1nchez, son \u201ccateg\u00f3ricamente falsas\u201d y fruto de una \u201cburda manipulaci\u00f3n\u201d del l\u00edder del tricolor, Alejandro Moreno C\u00e1rdenas, conocido como Alito Moreno, seg\u00fan confirmaron a La Jornada tanto fuentes del m\u00e1s alto nivel [&hellip;]<\/p>\n","protected":false},"author":1,"featured_media":6849,"comment_status":"open","ping_status":"open","sticky":false,"template":"","format":"standard","meta":{"content-type":"","footnotes":""},"categories":[7],"tags":[],"class_list":{"0":"post-6848","1":"post","2":"type-post","3":"status-publish","4":"format-standard","5":"has-post-thumbnail","7":"category-internacional"},"_links":{"self":[{"href":"https:\/\/www.regioncuatronoticias.com\/index.php\/wp-json\/wp\/v2\/posts\/6848","targetHints":{"allow":["GET"]}}],"collection":[{"href":"https:\/\/www.regioncuatronoticias.com\/index.php\/wp-json\/wp\/v2\/posts"}],"about":[{"href":"https:\/\/www.regioncuatronoticias.com\/index.php\/wp-json\/wp\/v2\/types\/post"}],"author":[{"embeddable":true,"href":"https:\/\/www.regioncuatronoticias.com\/index.php\/wp-json\/wp\/v2\/users\/1"}],"replies":[{"embeddable":true,"href":"https:\/\/www.regioncuatronoticias.com\/index.php\/wp-json\/wp\/v2\/comments?post=6848"}],"version-history":[{"count":1,"href":"https:\/\/www.regioncuatronoticias.com\/index.php\/wp-json\/wp\/v2\/posts\/6848\/revisions"}],"predecessor-version":[{"id":6850,"href":"https:\/\/www.regioncuatronoticias.com\/index.php\/wp-json\/wp\/v2\/posts\/6848\/revisions\/6850"}],"wp:featuredmedia":[{"embeddable":true,"href":"https:\/\/www.regioncuatronoticias.com\/index.php\/wp-json\/wp\/v2\/media\/6849"}],"wp:attachment":[{"href":"https:\/\/www.regioncuatronoticias.com\/index.php\/wp-json\/wp\/v2\/media?parent=6848"}],"wp:term":[{"taxonomy":"category","embeddable":true,"href":"https:\/\/www.regioncuatronoticias.com\/index.php\/wp-json\/wp\/v2\/categories?post=6848"},{"taxonomy":"post_tag","embeddable":true,"href":"https:\/\/www.regioncuatronoticias.com\/index.php\/wp-json\/wp\/v2\/tags?post=6848"}],"curies":[{"name":"wp","href":"https:\/\/api.w.org\/{rel}","templated":true}]}}