{"id":6797,"date":"2024-03-12T11:20:33","date_gmt":"2024-03-12T18:20:33","guid":{"rendered":"https:\/\/www.regioncuatronoticias.com\/?p=6797"},"modified":"2024-03-12T11:20:35","modified_gmt":"2024-03-12T18:20:35","slug":"inflacion-repunto-en-febrero-en-eu-enfria-prevision-de-recorte-de-tasas","status":"publish","type":"post","link":"https:\/\/www.regioncuatronoticias.com\/index.php\/2024\/03\/12\/inflacion-repunto-en-febrero-en-eu-enfria-prevision-de-recorte-de-tasas\/","title":{"rendered":"Inflaci\u00f3n repunt\u00f3 en febrero en EU; enfr\u00eda previsi\u00f3n de recorte de tasas"},"content":{"rendered":"\n<p>Washington. La inflaci\u00f3n repunt\u00f3 en febrero en Estados Unidos y el dato enfr\u00eda las expectativas de un r\u00e1pido recorte de tasas de inter\u00e9s por parte de la Reserva Federal.<\/p>\n\n\n\n<p>El n\u00famero de febrero se conoce en plena campa\u00f1a electoral, con el poder adquisitivo como uno de los temas centrales de la pugna por la Casa Blanca.<\/p>\n\n\n\n<p>EL alza de los precios al consumo fue de 3.2 por ciento en los 12 meses terminados en febrero, frente a una medici\u00f3n de 3.1 por ciento en enero, seg\u00fan el IPC publicado este martes por el Departamento de Trabajo.<\/p>\n\n\n\n<p>Los analistas esperaban que la inflaci\u00f3n a 12 meses se mantuviera estable en 3.1 por ciento.<\/p>\n\n\n\n<p>La variaci\u00f3n al alza se explica por aumentos en los precios de vivienda, gasolina y pasajes de avi\u00f3n.<\/p>\n\n\n\n<p>En la medici\u00f3n mes a mes la inflaci\u00f3n pas\u00f3 de 0.3 por ciento en enero a 0.4 en febrero. La cifra est\u00e1 en l\u00ednea con lo esperado por los analistas, seg\u00fan el consenso reunido por Market Watch.<\/p>\n\n\n\n<p>Pero, el dato positivo del informe es que la inflaci\u00f3n subyacente, que excluye los precios m\u00e1s vol\u00e1tiles, como alimentaci\u00f3n y energ\u00eda, se moder\u00f3 en la medici\u00f3n mensual (a 0.4 por ciento) y en el dato a 12 meses, que marc\u00f3 3.8 por ciento en febrero frente a 3.9 en enero. El dato anual es el m\u00e1s bajo desde mayo de 2021.<\/p>\n\n\n\n<p>La Reserva Federal (Fed, banco central) subi\u00f3 sus tasas a un rango de 5.25-5.50 por ciento para combatir la inflaci\u00f3n. Subir las tasas desestimula el acceso al cr\u00e9dito y con ello el consumo y la inversi\u00f3n, bajando as\u00ed las presiones sobre los precios.<\/p>\n\n\n\n<p>El mercado se ilusiona con un pronto recorte de tasas que baje el precio del dinero y estimule as\u00ed la econom\u00eda. Pero la Fed, que privilegia otra medici\u00f3n de inflaci\u00f3n distinta al IPC llamada PCE, tiene un objetivo de aumento anual de precios de 2 por ciento.<\/p>\n\n\n\n<p>El banco central estadunidense sostendr\u00e1 su pr\u00f3xima reuni\u00f3n de pol\u00edtica monetaria los d\u00edas 19 y 20 de marzo.<\/p>\n\n\n\n<p>&#8220;Prudencia&#8221;<\/p>\n\n\n\n<p>Estos datos &#8220;reforzar\u00e1n la prudencia de los directivos de la Fed&#8221;, prev\u00e9 Kathy Bostjancic, economista jefe de Nationwide, quien apuntaba a un primer recorte de tasas en mayo, pero estima ahora &#8220;cada vez m\u00e1s probable que (la Fed) espere al menos a junio&#8221;.<\/p>\n\n\n\n<p>El mercado apunta a un recorte en junio, seg\u00fan los datos recabados por CME Group.<\/p>\n\n\n\n<p>La Fed ha se\u00f1alado que espera se\u00f1ales de un descenso duradero de la inflaci\u00f3n para comenzar con sus recortes.<\/p>\n\n\n\n<p>Este repunte no les incitar\u00e1 &#8220;a pensar que la inflaci\u00f3n est\u00e1 en una trayectoria sostenida hacia su objetivo de 2 por ciento&#8221;, resumi\u00f3 Ryan Sweet, economista jefe de Oxford Economics.<\/p>\n\n\n\n<p>Equilibrio<\/p>\n\n\n\n<p>La Reserva Federal &#8220;puede y va&#8221; a comenzar a recortar sus tasas de inter\u00e9s este a\u00f1o si la tendencia econ\u00f3mica se mantiene, afirm\u00f3 la semana pasada el presidente del banco central estadunidense, Jerome Powell, ante legisladores en Washington.<\/p>\n\n\n\n<p>&#8220;Lo que estamos viendo es un crecimiento fuerte y continuado (de la econom\u00eda), un mercado laboral fuerte y progresos constantes hacia un descenso de la inflaci\u00f3n&#8221;, expres\u00f3 Powell en el Comit\u00e9 Bancario del Senado, durante sus audiencias peri\u00f3dicas en el Capitolio.<\/p>\n\n\n\n<p>La Fed hace un delicado equilibrio ya que &#8220;recortar demasiado pronto o demasiado&#8221; las tasas, podr\u00eda volver a impulsar la inflaci\u00f3n y llevar luego a nuevos incrementos de tasas, explic\u00f3 Powell. Por el contrario, reducirlos &#8220;demasiado tarde o poco, podr\u00eda debilitar innecesariamente la actividad econ\u00f3mica y el empleo&#8221;.<\/p>\n\n\n\n<p>La disparada de precios erosion\u00f3 el poder adquisitivo de las familias estadunidenses y es un tema central de la campa\u00f1a electoral a menos de ocho meses de las elecciones presidenciales que, salvo sorpresa, se dirimir\u00e1n nuevamente entre Joe Biden y Donald Trump.<\/p>\n\n\n\n<p>&#8220;Los precios de los principales productos como gasolina, leche, huevos y electrodom\u00e9sticos son m\u00e1s bajos que hace un a\u00f1o&#8221;, salud\u00f3 Biden en un comunicado tras la difusi\u00f3n de los datos de febrero. Y reiter\u00f3 que a\u00fan hay &#8220;mucho por hacer&#8221; para reducir los costos en la canasta familiar.<\/p>\n\n\n\n<p>La inflaci\u00f3n alcanz\u00f3 un m\u00e1ximo de 9.1 por ciento en junio de 2022.<\/p>\n\n\n\n<p>La Fed espera alcanzar su objetivo de 2 por ciento para el \u00edndice PCE en 2026.<\/p>\n","protected":false},"excerpt":{"rendered":"<p>Washington. La inflaci\u00f3n repunt\u00f3 en febrero en Estados Unidos y el dato enfr\u00eda las expectativas de un r\u00e1pido recorte de tasas de inter\u00e9s por parte de la Reserva Federal. El n\u00famero de febrero se conoce en plena campa\u00f1a electoral, con el poder adquisitivo como uno de los temas centrales de la pugna por la Casa [&hellip;]<\/p>\n","protected":false},"author":1,"featured_media":6798,"comment_status":"open","ping_status":"open","sticky":false,"template":"","format":"standard","meta":{"content-type":"","footnotes":""},"categories":[7],"tags":[],"class_list":{"0":"post-6797","1":"post","2":"type-post","3":"status-publish","4":"format-standard","5":"has-post-thumbnail","7":"category-internacional"},"_links":{"self":[{"href":"https:\/\/www.regioncuatronoticias.com\/index.php\/wp-json\/wp\/v2\/posts\/6797","targetHints":{"allow":["GET"]}}],"collection":[{"href":"https:\/\/www.regioncuatronoticias.com\/index.php\/wp-json\/wp\/v2\/posts"}],"about":[{"href":"https:\/\/www.regioncuatronoticias.com\/index.php\/wp-json\/wp\/v2\/types\/post"}],"author":[{"embeddable":true,"href":"https:\/\/www.regioncuatronoticias.com\/index.php\/wp-json\/wp\/v2\/users\/1"}],"replies":[{"embeddable":true,"href":"https:\/\/www.regioncuatronoticias.com\/index.php\/wp-json\/wp\/v2\/comments?post=6797"}],"version-history":[{"count":1,"href":"https:\/\/www.regioncuatronoticias.com\/index.php\/wp-json\/wp\/v2\/posts\/6797\/revisions"}],"predecessor-version":[{"id":6799,"href":"https:\/\/www.regioncuatronoticias.com\/index.php\/wp-json\/wp\/v2\/posts\/6797\/revisions\/6799"}],"wp:featuredmedia":[{"embeddable":true,"href":"https:\/\/www.regioncuatronoticias.com\/index.php\/wp-json\/wp\/v2\/media\/6798"}],"wp:attachment":[{"href":"https:\/\/www.regioncuatronoticias.com\/index.php\/wp-json\/wp\/v2\/media?parent=6797"}],"wp:term":[{"taxonomy":"category","embeddable":true,"href":"https:\/\/www.regioncuatronoticias.com\/index.php\/wp-json\/wp\/v2\/categories?post=6797"},{"taxonomy":"post_tag","embeddable":true,"href":"https:\/\/www.regioncuatronoticias.com\/index.php\/wp-json\/wp\/v2\/tags?post=6797"}],"curies":[{"name":"wp","href":"https:\/\/api.w.org\/{rel}","templated":true}]}}